{"id":34767,"date":"2015-05-27T14:16:44","date_gmt":"2015-05-27T11:16:44","guid":{"rendered":"http:\/\/www.sana.sy\/tr\/?p=34767"},"modified":"2015-05-29T15:12:58","modified_gmt":"2015-05-29T12:12:58","slug":"turkiye-rejimi-turkiye-halkini-da-tehlikeye-maruz-birakiyor","status":"publish","type":"post","link":"https:\/\/archive.sana.sy\/tr\/?p=34767","title":{"rendered":"T\u00fcrkiye Rejimi, T\u00fcrkiye Halk\u0131n\u0131 da Tehlikeye Maruz B\u0131rak\u0131yor"},"content":{"rendered":"<p>\u015eAM \u2013 Cumhurba\u015fkan\u0131 Be\u015f\u015far el Esad bug\u00fcn sabah saatlerinde Ermenistan Cumhuriyeti D\u0131\u015fi\u015fleri Bakan\u0131 Edward Nalbandian ve ona e\u015flik eden heyeti kabul etti.<\/p>\n<p><a href=\"http:\/\/www.sana.sy\/tr\/wp-content\/uploads\/2015\/05\/T\u00fcrkiye-Rejimi-T\u00fcrkiye-Halk\u0131n\u0131-da-Tehlikeye-Maruz-B\u0131rak\u0131yor-3.jpg\"><img loading=\"lazy\" decoding=\"async\" class=\"alignright wp-image-34769 size-medium\" src=\"http:\/\/www.sana.sy\/tr\/wp-content\/uploads\/2015\/05\/T\u00fcrkiye-Rejimi-T\u00fcrkiye-Halk\u0131n\u0131-da-Tehlikeye-Maruz-B\u0131rak\u0131yor-3-300x146.jpg\" alt=\"T\u00fcrkiye Rejimi, T\u00fcrkiye Halk\u0131n\u0131 da Tehlikeye Maruz B\u0131rak\u0131yor 3\" width=\"300\" height=\"146\" srcset=\"https:\/\/archive.sana.sy\/tr\/wp-content\/uploads\/2015\/05\/T\u00fcrkiye-Rejimi-T\u00fcrkiye-Halk\u0131n\u0131-da-Tehlikeye-Maruz-B\u0131rak\u0131yor-3-300x146.jpg 300w, https:\/\/archive.sana.sy\/tr\/wp-content\/uploads\/2015\/05\/T\u00fcrkiye-Rejimi-T\u00fcrkiye-Halk\u0131n\u0131-da-Tehlikeye-Maruz-B\u0131rak\u0131yor-3-150x73.jpg 150w, https:\/\/archive.sana.sy\/tr\/wp-content\/uploads\/2015\/05\/T\u00fcrkiye-Rejimi-T\u00fcrkiye-Halk\u0131n\u0131-da-Tehlikeye-Maruz-B\u0131rak\u0131yor-3.jpg 620w\" sizes=\"auto, (max-width: 300px) 100vw, 300px\" \/><\/a>\u0130ki \u00fclke aras\u0131nda mevcut olan ve tarihi derin k\u00f6klere dayal\u0131 ili\u015fkiler ve ortak mirasa dayanan ili\u015fkilerin \u00f6nemine dikkat \u00e7ekilen g\u00f6r\u00fc\u015fmede iki taraf bu ili\u015fkilerin iki dost \u00fclke halklar\u0131 ve t\u00fcm b\u00f6lge halklar\u0131n\u0131n \u00e7\u0131karlar\u0131na hizmet edecek \u015fekilde geli\u015ftirilmesi gere\u011fini vurgulad\u0131.<\/p>\n<p>Ermenistan Cumhuriyetinin Suriye&#8217;deki kriz s\u00fcresince tak\u0131nd\u0131\u011f\u0131 tutumlar\u0131n takdire \u015fayan oldu\u011funu ifade eden el Esad; b\u00f6lge halklar\u0131n\u0131n tan\u0131k olduklar\u0131 bu zor s\u00fcre\u00e7te Ermenistan h\u00fck\u00fcmetinin \u00f6nemli bir rol oynayabilece\u011fine dikkat \u00e7ekti. El Esad Ermenistan h\u00fck\u00fcmetinin bu s\u00fcre\u00e7 i\u00e7inde Ortado\u011fu b\u00f6lgesinde ya\u015fanan geli\u015fmelerin ger\u00e7e\u011fini ili\u015fkin do\u011fru portreyi Bat\u0131l\u0131 devletlere objektif bir \u015fekilde aktarabilece\u011fine vurgu yapt\u0131. Ayn\u0131 zamanda bu geli\u015fmelere ilaveten Bat\u0131l\u0131 ve bat\u0131l\u0131lar\u0131n i\u015fbirlik\u00e7ileri b\u00f6lgesel kimi taraflarca askeri, mali, ideolojik ve daha ba\u015fka destek alan radikal tekfirci ter\u00f6r\u00fcn yay\u0131lmas\u0131n\u0131n yol a\u00e7acaklar\u0131 tehlikenin de ciddiyetine \u0131\u015f\u0131k tutabilece\u011fini belirtti. El Esad ter\u00f6re kar\u015f\u0131 sava\u015f\u0131n iddia edildi\u011fi bir zamanda bu ter\u00f6r\u00fc desteklemek yerine ciddi ve fiili bir \u015fekilde ter\u00f6re kar\u015f\u0131 sava\u015fman\u0131n \u00f6nemini Bat\u0131l\u0131 devletlere aktarmada Ermenistan h\u00fck\u00fcmetinin \u00f6nemli bir rol oynayabilece\u011finin alt\u0131n\u0131 \u00e7izdi.<\/p>\n<p><a href=\"http:\/\/www.sana.sy\/tr\/wp-content\/uploads\/2015\/05\/T\u00fcrkiye-Rejimi-T\u00fcrkiye-Halk\u0131n\u0131-da-Tehlikeye-Maruz-B\u0131rak\u0131yor-2.jpg\"><img loading=\"lazy\" decoding=\"async\" class=\"alignright wp-image-34770 size-medium\" src=\"http:\/\/www.sana.sy\/tr\/wp-content\/uploads\/2015\/05\/T\u00fcrkiye-Rejimi-T\u00fcrkiye-Halk\u0131n\u0131-da-Tehlikeye-Maruz-B\u0131rak\u0131yor-2-300x173.jpg\" alt=\"T\u00fcrkiye Rejimi, T\u00fcrkiye Halk\u0131n\u0131 da Tehlikeye Maruz B\u0131rak\u0131yor 2\" width=\"300\" height=\"173\" srcset=\"https:\/\/archive.sana.sy\/tr\/wp-content\/uploads\/2015\/05\/T\u00fcrkiye-Rejimi-T\u00fcrkiye-Halk\u0131n\u0131-da-Tehlikeye-Maruz-B\u0131rak\u0131yor-2-300x173.jpg 300w, https:\/\/archive.sana.sy\/tr\/wp-content\/uploads\/2015\/05\/T\u00fcrkiye-Rejimi-T\u00fcrkiye-Halk\u0131n\u0131-da-Tehlikeye-Maruz-B\u0131rak\u0131yor-2-150x86.jpg 150w, https:\/\/archive.sana.sy\/tr\/wp-content\/uploads\/2015\/05\/T\u00fcrkiye-Rejimi-T\u00fcrkiye-Halk\u0131n\u0131-da-Tehlikeye-Maruz-B\u0131rak\u0131yor-2-1024x589.jpg 1024w\" sizes=\"auto, (max-width: 300px) 100vw, 300px\" \/><\/a>Ermenistan halk\u0131n\u0131n tarih boyunca ya\u015fad\u0131\u011f\u0131 ac\u0131lar\u0131n g\u00fcn\u00fcm\u00fczde t\u00fcm bile\u015fenleriyle Suriye halk\u0131 taraf\u0131ndan ya\u015fanmakta oldu\u011funa dikkat \u00e7eken el Esad; y\u00f6ntem ve hedefler farkl\u0131 olsa da ter\u00f6r ve katletme edatlar\u0131n\u0131n ayn\u0131 oldu\u011funu ifade etti.<\/p>\n<p>G\u00f6r\u00fc\u015fmede Ermenistan D\u0131\u015fi\u015fleri Bakan\u0131 Nalbandian Suriye ve halk\u0131n\u0131n maruz kald\u0131\u011f\u0131 ter\u00f6r sald\u0131r\u0131lar\u0131n\u0131 k\u0131nad\u0131. Nalbandiayn Suriye ve b\u00f6lgedeki kilit rol\u00fcn\u00fc hedef alan sald\u0131r\u0131lar\u0131n g\u00fcn\u00fcm\u00fczde t\u00fcm b\u00f6lge halklar\u0131n\u0131 ve hatta t\u00fcm d\u00fcnyay\u0131 tehdit eden ciddi bir tehlike haline geldi\u011fini belirtti. Suriye&#8217;nin uzun tarihi boyunca t\u00fcm bile\u015fenleri aras\u0131nda uyumluluk ve b\u00fct\u00fcnle\u015fmede model te\u015fkil etti\u011fine dikkat \u00e7eken Nalbandiayn; bu tehlike kar\u015f\u0131s\u0131nda t\u00fcm \u00e7abalar\u0131 birle\u015ftirmek, ter\u00f6re kar\u015f\u0131 ciddi ve fiili bir \u015fekilde sava\u015fman\u0131n mutlak bir gereklilik haline geldi\u011fini vurgulad\u0131.<\/p>\n<p><a href=\"http:\/\/www.sana.sy\/tr\/wp-content\/uploads\/2015\/05\/T\u00fcrkiye-Rejimi-T\u00fcrkiye-Halk\u0131n\u0131-da-Tehlikeye-Maruz-B\u0131rak\u0131yor-4.jpg\"><img loading=\"lazy\" decoding=\"async\" class=\"alignright wp-image-34771 size-medium\" src=\"http:\/\/www.sana.sy\/tr\/wp-content\/uploads\/2015\/05\/T\u00fcrkiye-Rejimi-T\u00fcrkiye-Halk\u0131n\u0131-da-Tehlikeye-Maruz-B\u0131rak\u0131yor-4-300x137.jpg\" alt=\"T\u00fcrkiye Rejimi, T\u00fcrkiye Halk\u0131n\u0131 da Tehlikeye Maruz B\u0131rak\u0131yor 4\" width=\"300\" height=\"137\" srcset=\"https:\/\/archive.sana.sy\/tr\/wp-content\/uploads\/2015\/05\/T\u00fcrkiye-Rejimi-T\u00fcrkiye-Halk\u0131n\u0131-da-Tehlikeye-Maruz-B\u0131rak\u0131yor-4-300x137.jpg 300w, https:\/\/archive.sana.sy\/tr\/wp-content\/uploads\/2015\/05\/T\u00fcrkiye-Rejimi-T\u00fcrkiye-Halk\u0131n\u0131-da-Tehlikeye-Maruz-B\u0131rak\u0131yor-4-150x68.jpg 150w, https:\/\/archive.sana.sy\/tr\/wp-content\/uploads\/2015\/05\/T\u00fcrkiye-Rejimi-T\u00fcrkiye-Halk\u0131n\u0131-da-Tehlikeye-Maruz-B\u0131rak\u0131yor-4-1024x467.jpg 1024w\" sizes=\"auto, (max-width: 300px) 100vw, 300px\" \/><\/a>Nalbandiayn Suriye&#8217;de siyasi \u00e7\u00f6z\u00fcm ortam\u0131 temin etme ve bizzat Suriyelilerin kendi aralar\u0131nda olacak siyasi bir \u00e7\u00f6z\u00fcm sa\u011flaman\u0131n gere\u011finin alt\u0131n\u0131 \u00e7izdi.<\/p>\n<p>\u0130ki taraf g\u00f6r\u00fc\u015fmede T\u00fcrk y\u00f6neticilerin mevcut s\u00fcre\u00e7 i\u00e7inde b\u00f6lge halklar\u0131n\u0131 hedef alan bu tehlikede oynad\u0131klar\u0131 provokat\u00f6r ve destekleyici rol \u00fczerine vizyon birli\u011fi kaydedilirken, tarihte b\u00f6lge halklar\u0131n\u0131n Osmanl\u0131 \u0130mparatorlu\u011fundan \u00e7ekti\u011fi ac\u0131lar\u0131n canland\u0131r\u0131ld\u0131\u011f\u0131 ifade edildi. T\u00fcrkiye&#8217;deki rejimin b\u00f6lge ve halklar\u0131na kar\u015f\u0131 oynad\u0131\u011f\u0131 \u00f6ld\u00fcrme ve y\u0131k\u0131m rol\u00fcne son vermesine zorlanmas\u0131 i\u00e7in uluslar aras\u0131 toplumun harekete ge\u00e7mesi gere\u011finde g\u00f6r\u00fc\u015f birli\u011fi sa\u011flayan iki taraf; T\u00fcrkiye rejiminin bu rol\u00fcyle sadece Suriye halk\u0131n\u0131 de\u011fil, ayn\u0131 zamanda T\u00fcrkiye halk\u0131n\u0131 da tehlikeye maruz b\u0131rakt\u0131\u011f\u0131n\u0131n alt\u0131n\u0131 \u00e7izdi.<\/p>\n<p>A.A.<\/p>\n","protected":false},"excerpt":{"rendered":"<p>\u015eAM \u2013 Cumhurba\u015fkan\u0131 Be\u015f\u015far el Esad bug\u00fcn sabah saatlerinde Ermenistan Cumhuriyeti D\u0131\u015fi\u015fleri Bakan\u0131 Edward Nalbandian ve ona e\u015flik eden heyeti kabul etti. \u0130ki \u00fclke aras\u0131nda mevcut olan ve tarihi derin k\u00f6klere dayal\u0131 ili\u015fkiler ve ortak mirasa dayanan ili\u015fkilerin \u00f6nemine dikkat \u00e7ekilen g\u00f6r\u00fc\u015fmede iki taraf bu ili\u015fkilerin iki dost \u00fclke halklar\u0131 ve t\u00fcm b\u00f6lge halklar\u0131n\u0131n \u00e7\u0131karlar\u0131na &hellip;<\/p>\n","protected":false},"author":1,"featured_media":34768,"comment_status":"closed","ping_status":"closed","sticky":false,"template":"","format":"standard","meta":{"footnotes":""},"categories":[608,479,605,2554,2555,478],"tags":[14842,14841],"class_list":["post-34767","post","type-post","status-publish","format-standard","has-post-thumbnail","","category-etkinlikler","category-haberler-yerel","category-sayin-cumhurbaskani","category-suriye-ve-dunya","category-suriye-ve-turkiye","category-yerel","tag-turkiye-halkini-da-tehlikeye-maruz-birakiyor","tag-turkiye-rejimi"],"_links":{"self":[{"href":"https:\/\/archive.sana.sy\/tr\/index.php?rest_route=\/wp\/v2\/posts\/34767","targetHints":{"allow":["GET"]}}],"collection":[{"href":"https:\/\/archive.sana.sy\/tr\/index.php?rest_route=\/wp\/v2\/posts"}],"about":[{"href":"https:\/\/archive.sana.sy\/tr\/index.php?rest_route=\/wp\/v2\/types\/post"}],"author":[{"embeddable":true,"href":"https:\/\/archive.sana.sy\/tr\/index.php?rest_route=\/wp\/v2\/users\/1"}],"replies":[{"embeddable":true,"href":"https:\/\/archive.sana.sy\/tr\/index.php?rest_route=%2Fwp%2Fv2%2Fcomments&post=34767"}],"version-history":[{"count":0,"href":"https:\/\/archive.sana.sy\/tr\/index.php?rest_route=\/wp\/v2\/posts\/34767\/revisions"}],"wp:featuredmedia":[{"embeddable":true,"href":"https:\/\/archive.sana.sy\/tr\/index.php?rest_route=\/wp\/v2\/media\/34768"}],"wp:attachment":[{"href":"https:\/\/archive.sana.sy\/tr\/index.php?rest_route=%2Fwp%2Fv2%2Fmedia&parent=34767"}],"wp:term":[{"taxonomy":"category","embeddable":true,"href":"https:\/\/archive.sana.sy\/tr\/index.php?rest_route=%2Fwp%2Fv2%2Fcategories&post=34767"},{"taxonomy":"post_tag","embeddable":true,"href":"https:\/\/archive.sana.sy\/tr\/index.php?rest_route=%2Fwp%2Fv2%2Ftags&post=34767"}],"curies":[{"name":"wp","href":"https:\/\/api.w.org\/{rel}","templated":true}]}}