{"id":3477,"date":"2014-06-19T16:27:00","date_gmt":"2014-06-19T13:27:00","guid":{"rendered":"http:\/\/sanasyria.org\/tr\/?p=3477"},"modified":"2014-06-19T16:27:00","modified_gmt":"2014-06-19T13:27:00","slug":"caferi-secimlerde-demokrasinin-en-temel-ilkesi-olan-cogulculuk-vardi","status":"publish","type":"post","link":"https:\/\/archive.sana.sy\/tr\/?p=3477","title":{"rendered":"Caferi: Se\u00e7imlerde Demokrasinin En Temel \u0130lkesi Olan \u00c7o\u011fulculuk Vard\u0131"},"content":{"rendered":"<p>NEW YORK \u2013 Suriye\u2019nin BM Daimi Temsilcisi Be\u015f\u015far el Caferi, 3 Haziran tarihinde Suriye\u2019de d\u00fczenlenen cumhurba\u015fkanl\u0131\u011f\u0131 se\u00e7im s\u00fcrecini izleyen ABD\u2019li heyet ile birlikte ortak bas\u0131n konferans\u0131 d\u00fczenledi.<\/p>\n<p>Se\u00e7imlerin uluslararas\u0131 standartlar\u0131n g\u00f6z \u00f6n\u00fcnde bulundurularak d\u00fczenlendi\u011fine dikkat \u00e7eken Caferi; se\u00e7imlerde demokrasinin en temel ilkelerinden biri olan \u00e7o\u011fulculuk ilkesinin somut olarak g\u00f6zlemlendi\u011fini belirtti.<\/p>\n<p>New York\u2019tan Sava\u015flara Kar\u015f\u0131 M\u00fccadele alan\u0131nda Aktivist Cudi Bylo; suriye\u2019ye kar\u015f\u0131 s\u00fcrd\u00fcr\u00fclen Bat\u0131 destekli sava\u015f\u0131n etkilerini daha iyi bir \u015fekilde anlamak amac\u0131yla Suriye\u2019de d\u00fczenlenen cumhurba\u015fkanl\u0131\u011f\u0131 se\u00e7imlerini ba\u015ftan sona kadar izledi\u011fini dile getirerek Suriye Halk\u0131n\u0131n se\u00e7imlere g\u00f6sterdi\u011fi ilgi ve kat\u0131l\u0131m\u0131 \u00f6vg\u00fcyle anlatt\u0131.<\/p>\n<p>Ayn\u0131 alanda ba\u015fka bir aktivist olan Joe Ossbekr de c\u00fcmlelerine Suriye halk\u0131n\u0131n se\u00e7imlere g\u00f6sterdi\u011fi ilgi ve kat\u0131l\u0131m\u0131 \u00f6verek ba\u015flad\u0131 ve se\u00e7imlerde g\u00f6rd\u00fc\u011f\u00fc en bariz \u015feyin Suriye halk\u0131n\u0131n g\u00fc\u00e7l\u00fc iradesi oldu\u011funu vurgulad\u0131.<a href=\"http:\/\/sanasyria.org\/tr\/wp-content\/uploads\/2014\/06\/caferi-2.jpg\"><img loading=\"lazy\" decoding=\"async\" class=\"aligncenter wp-image-3479 size-full\" src=\"http:\/\/sanasyria.org\/tr\/wp-content\/uploads\/2014\/06\/caferi-2.jpg\" alt=\"caferi 2\" width=\"620\" height=\"330\" srcset=\"https:\/\/archive.sana.sy\/tr\/wp-content\/uploads\/2014\/06\/caferi-2.jpg 620w, https:\/\/archive.sana.sy\/tr\/wp-content\/uploads\/2014\/06\/caferi-2-150x79.jpg 150w, https:\/\/archive.sana.sy\/tr\/wp-content\/uploads\/2014\/06\/caferi-2-300x160.jpg 300w\" sizes=\"auto, (max-width: 620px) 100vw, 620px\" \/><\/a><\/p>\n<p>&nbsp;<\/p>\n","protected":false},"excerpt":{"rendered":"<p>NEW YORK \u2013 Suriye\u2019nin BM Daimi Temsilcisi Be\u015f\u015far el Caferi, 3 Haziran tarihinde Suriye\u2019de d\u00fczenlenen cumhurba\u015fkanl\u0131\u011f\u0131 se\u00e7im s\u00fcrecini izleyen ABD\u2019li heyet ile birlikte ortak bas\u0131n konferans\u0131 d\u00fczenledi. Se\u00e7imlerin uluslararas\u0131 standartlar\u0131n g\u00f6z \u00f6n\u00fcnde bulundurularak d\u00fczenlendi\u011fine dikkat \u00e7eken Caferi; se\u00e7imlerde demokrasinin en temel ilkelerinden biri olan \u00e7o\u011fulculuk ilkesinin somut olarak g\u00f6zlemlendi\u011fini belirtti. New York\u2019tan Sava\u015flara Kar\u015f\u0131 M\u00fccadele &hellip;<\/p>\n","protected":false},"author":1,"featured_media":3478,"comment_status":"closed","ping_status":"closed","sticky":false,"template":"","format":"standard","meta":{"footnotes":""},"categories":[458,459,447,584],"tags":[757],"class_list":["post-3477","post","type-post","status-publish","format-standard","has-post-thumbnail","","category-dunya1","category-haberler-arap-uluslararasi-politika","category-politika","category-yurtdisinda-sana-ofisleri","tag-caferi-secimlerde-demokrasinin-en-temel-ilkesi-olan-cogulculuk-vardi"],"_links":{"self":[{"href":"https:\/\/archive.sana.sy\/tr\/index.php?rest_route=\/wp\/v2\/posts\/3477","targetHints":{"allow":["GET"]}}],"collection":[{"href":"https:\/\/archive.sana.sy\/tr\/index.php?rest_route=\/wp\/v2\/posts"}],"about":[{"href":"https:\/\/archive.sana.sy\/tr\/index.php?rest_route=\/wp\/v2\/types\/post"}],"author":[{"embeddable":true,"href":"https:\/\/archive.sana.sy\/tr\/index.php?rest_route=\/wp\/v2\/users\/1"}],"replies":[{"embeddable":true,"href":"https:\/\/archive.sana.sy\/tr\/index.php?rest_route=%2Fwp%2Fv2%2Fcomments&post=3477"}],"version-history":[{"count":0,"href":"https:\/\/archive.sana.sy\/tr\/index.php?rest_route=\/wp\/v2\/posts\/3477\/revisions"}],"wp:featuredmedia":[{"embeddable":true,"href":"https:\/\/archive.sana.sy\/tr\/index.php?rest_route=\/wp\/v2\/media\/3478"}],"wp:attachment":[{"href":"https:\/\/archive.sana.sy\/tr\/index.php?rest_route=%2Fwp%2Fv2%2Fmedia&parent=3477"}],"wp:term":[{"taxonomy":"category","embeddable":true,"href":"https:\/\/archive.sana.sy\/tr\/index.php?rest_route=%2Fwp%2Fv2%2Fcategories&post=3477"},{"taxonomy":"post_tag","embeddable":true,"href":"https:\/\/archive.sana.sy\/tr\/index.php?rest_route=%2Fwp%2Fv2%2Ftags&post=3477"}],"curies":[{"name":"wp","href":"https:\/\/api.w.org\/{rel}","templated":true}]}}