{"id":34778,"date":"2015-05-27T15:42:58","date_gmt":"2015-05-27T12:42:58","guid":{"rendered":"http:\/\/www.sana.sy\/tr\/?p=34778"},"modified":"2015-05-27T15:42:58","modified_gmt":"2015-05-27T12:42:58","slug":"dusmanlar-islam-aleminin-birliginden-rahatsiz-olurlar","status":"publish","type":"post","link":"https:\/\/archive.sana.sy\/tr\/?p=34778","title":{"rendered":"D\u00fc\u015fmanlar \u0130slam Aleminin Birli\u011finden Rahats\u0131z Olurlar"},"content":{"rendered":"<p>BEYRUT \u2013 Cumhuriyet Ba\u015f M\u00fcft\u00fcs\u00fc Ahmet Bedrettin Hassun d\u00fc\u015fmanlar\u0131n M\u00fcsl\u00fcmanlar\u0131n bir oldu\u011funu g\u00f6rmek istemediklerini, kalk\u0131nan ve \u0130slam aleminde de\u011fer ve ilkeleri peki\u015ftiren, t\u00fcm bile\u015fenleri kucaklayan \u0130slam sanca\u011f\u0131n\u0131 dalgaland\u0131ran bir devletten rahats\u0131z olduklar\u0131n\u0131 belirtti.<\/p>\n<p>Beyrut\u2019ta d\u00fczenlenen Uluslar aras\u0131 Direni\u015f Ulemalar\u0131 Konferans\u0131nda yapt\u0131\u011f\u0131 konu\u015fmada Hassun; Suriye&#8217;nin tekfirci ve hain ter\u00f6re kar\u015f\u0131 be\u015f y\u0131ld\u0131r g\u00fc\u00e7l\u00fc bir m\u00fccadele verdi\u011fine dikkat \u00e7ekti. Hassun bu m\u00fccadelede Suriye&#8217;de direni\u015f k\u00fclt\u00fcr\u00fcn\u00fcn peki\u015fti\u011fini ve birle\u015fti\u011fini s\u00f6yledi. Suriye&#8217;de krizin ba\u015f\u0131nda 120\u2019den fazla devletin \u2018Suriye dostlar\u0131\u2019 ad\u0131 alt\u0131nda Suriye ve halk\u0131na kar\u015f\u0131 birle\u015ftiklerine i\u015faret eden Hassun; bu say\u0131n\u0131n g\u00fcn\u00fcm\u00fczde Suriye ve halk\u0131n\u0131n m\u00fccadelesi sonucunda 12 devlete d\u00fc\u015ft\u00fcklerine vurgu yapt\u0131.<\/p>\n<p>Kimi devletlerin destekleri sonucunda Suriye&#8217;de muhtelif adland\u0131rmalar alt\u0131ndaki ter\u00f6r \u00f6rg\u00fctlerin ba\u015fta kad\u0131n ve \u00e7ocuklar olmak \u00fczere sivillere y\u00f6nelik e\u015fi benzeri g\u00f6r\u00fclmemi\u015f vah\u015fetlerine dikkat \u00e7eken Hassun; Ezher dahil t\u00fcm dini kurum ve \u015fahsiyetlere seslenerek; \u201cY\u00fcce Allah \u015fahit olsun ki size bildirdik ve sizi uyard\u0131k\u2019 ifadesini kulland\u0131.<\/p>\n<p>Hassun bulu\u015fman\u0131n hedefinin birle\u015fmek ve tutum birli\u011fini sa\u011flamak oldu\u011funa dikkat \u00e7ekerken t\u00fcm \u0130slam ulemalar\u0131n\u0131 saf birli\u011fine davet etti.<\/p>\n<p>Kimsenin Suriye&#8217;den teslim olmas\u0131n\u0131 ve eziyet sofras\u0131na oturmas\u0131n\u0131 beklememesi gerekti\u011fini ifade eden Hassun; \u00e7\u00fcnk\u00fc Suriye&#8217;nin tarih boyunca egemenli\u011fi ve ba\u011f\u0131ms\u0131zl\u0131\u011f\u0131yla onur duydu\u011funu ifade etti.<\/p>\n<p>A.A.<\/p>\n","protected":false},"excerpt":{"rendered":"<p>BEYRUT \u2013 Cumhuriyet Ba\u015f M\u00fcft\u00fcs\u00fc Ahmet Bedrettin Hassun d\u00fc\u015fmanlar\u0131n M\u00fcsl\u00fcmanlar\u0131n bir oldu\u011funu g\u00f6rmek istemediklerini, kalk\u0131nan ve \u0130slam aleminde de\u011fer ve ilkeleri peki\u015ftiren, t\u00fcm bile\u015fenleri kucaklayan \u0130slam sanca\u011f\u0131n\u0131 dalgaland\u0131ran bir devletten rahats\u0131z olduklar\u0131n\u0131 belirtti. Beyrut\u2019ta d\u00fczenlenen Uluslar aras\u0131 Direni\u015f Ulemalar\u0131 Konferans\u0131nda yapt\u0131\u011f\u0131 konu\u015fmada Hassun; Suriye&#8217;nin tekfirci ve hain ter\u00f6re kar\u015f\u0131 be\u015f y\u0131ld\u0131r g\u00fc\u00e7l\u00fc bir m\u00fccadele verdi\u011fine &hellip;<\/p>\n","protected":false},"author":1,"featured_media":34779,"comment_status":"closed","ping_status":"closed","sticky":false,"template":"","format":"standard","meta":{"footnotes":""},"categories":[458,459,447],"tags":[14827,14828,14829],"class_list":["post-34778","post","type-post","status-publish","format-standard","has-post-thumbnail","","category-dunya1","category-haberler-arap-uluslararasi-politika","category-politika","tag-beyrut-cumhuriyet-bas-muftusu-ahmet-bedrettin-hassun-dusmanlarin-muslumanlarin-bir-oldugunu-gormek-istemediklerini","tag-kalkinan-ve-islam-aleminde-deger-ve-ilkeleri-pekistiren","tag-tum-bilesenleri-kucaklayan-islam-sancagini-dalgalandiran-bir-devletten-rahatsiz-olduklarini-belirtti"],"_links":{"self":[{"href":"https:\/\/archive.sana.sy\/tr\/index.php?rest_route=\/wp\/v2\/posts\/34778","targetHints":{"allow":["GET"]}}],"collection":[{"href":"https:\/\/archive.sana.sy\/tr\/index.php?rest_route=\/wp\/v2\/posts"}],"about":[{"href":"https:\/\/archive.sana.sy\/tr\/index.php?rest_route=\/wp\/v2\/types\/post"}],"author":[{"embeddable":true,"href":"https:\/\/archive.sana.sy\/tr\/index.php?rest_route=\/wp\/v2\/users\/1"}],"replies":[{"embeddable":true,"href":"https:\/\/archive.sana.sy\/tr\/index.php?rest_route=%2Fwp%2Fv2%2Fcomments&post=34778"}],"version-history":[{"count":0,"href":"https:\/\/archive.sana.sy\/tr\/index.php?rest_route=\/wp\/v2\/posts\/34778\/revisions"}],"wp:featuredmedia":[{"embeddable":true,"href":"https:\/\/archive.sana.sy\/tr\/index.php?rest_route=\/wp\/v2\/media\/34779"}],"wp:attachment":[{"href":"https:\/\/archive.sana.sy\/tr\/index.php?rest_route=%2Fwp%2Fv2%2Fmedia&parent=34778"}],"wp:term":[{"taxonomy":"category","embeddable":true,"href":"https:\/\/archive.sana.sy\/tr\/index.php?rest_route=%2Fwp%2Fv2%2Fcategories&post=34778"},{"taxonomy":"post_tag","embeddable":true,"href":"https:\/\/archive.sana.sy\/tr\/index.php?rest_route=%2Fwp%2Fv2%2Ftags&post=34778"}],"curies":[{"name":"wp","href":"https:\/\/api.w.org\/{rel}","templated":true}]}}