{"id":34788,"date":"2015-05-27T16:34:43","date_gmt":"2015-05-27T13:34:43","guid":{"rendered":"http:\/\/www.sana.sy\/tr\/?p=34788"},"modified":"2015-05-27T16:34:43","modified_gmt":"2015-05-27T13:34:43","slug":"anlasmazliklara-mezhepsel-boyutlar-vermek-krizlerin-cozumunu-engelleyecek","status":"publish","type":"post","link":"https:\/\/archive.sana.sy\/tr\/?p=34788","title":{"rendered":"Anla\u015fmazl\u0131klara Mezhepsel Boyutlar Vermek Krizlerin \u00c7\u00f6z\u00fcm\u00fcn\u00fc Engelleyecek"},"content":{"rendered":"<p>MOSKOVA \u2013 Rusya D\u0131\u015fi\u015fleri Bakan\u0131 Sergey Lavrov \u0130slam \u00fclkelerini jeopolitik anla\u015fmazl\u0131klar\u0131na dini yada mezhepsel boyut vermenin tehlikesine kar\u015f\u0131 uyar\u0131da bulundu.<\/p>\n<p>\u0130slam \u0130\u015fbirli\u011fi Te\u015fkilat\u0131 \u00fclkeleri d\u0131\u015fi\u015fleri bakanlar\u0131n\u0131n Kuveyt\u2019teki toplant\u0131lar\u0131na g\u00f6nderdi\u011fi mesajda Lavrov; jeopolitik anla\u015fmazl\u0131klara mezhepsel yada dini boyutlar vermenin kriz \u015fiddetini artt\u0131raca\u011f\u0131n\u0131 ve \u00e7\u00f6z\u00fcm\u00fcn\u00fc de engelleyece\u011fine vurgu yapt\u0131. Lavrov bu anla\u015fmazl\u0131klar\u0131n en k\u0131sa zamanda \u00e7\u00f6z\u00fclmesi y\u00f6n\u00fcnde ciddi ve etkin \u00e7abalar\u0131n yo\u011funla\u015ft\u0131r\u0131lmas\u0131 \u00e7a\u011fr\u0131s\u0131nda bulundu.<\/p>\n<p>Rusya d\u0131\u015fi\u015fleri bakanl\u0131\u011f\u0131n\u0131n resmi web sitesinde yay\u0131nlanan mesaj\u0131nda Lavrov; Ortado\u011fu b\u00f6lgesindeki karde\u015fler aras\u0131nda ya\u015fanan anla\u015fmazl\u0131klar\u0131n uzad\u0131\u011f\u0131na dikkat \u00e7ekerken, b\u00f6lgesel kimi devletlerin bu anla\u015fmazl\u0131klara s\u00fcr\u00fcklenmelerinin de esef verici oldu\u011funu ifade etti.<\/p>\n<p>Lavrov M\u00fcsl\u00fcmanlar aras\u0131nda birlik ve beraberli\u011fi peki\u015ftirme hedefiyle te\u015fkil edilen \u0130\u0130T\u2019nin \u00fcst\u00fcne d\u00fc\u015fen misyonu \u00fcstlenip as\u0131l hedefi y\u00f6n\u00fcnde \u00e7abalarda bulunmas\u0131 umutlar\u0131n\u0131 dile getirdi.<\/p>\n<p>A.A.<\/p>\n","protected":false},"excerpt":{"rendered":"<p>MOSKOVA \u2013 Rusya D\u0131\u015fi\u015fleri Bakan\u0131 Sergey Lavrov \u0130slam \u00fclkelerini jeopolitik anla\u015fmazl\u0131klar\u0131na dini yada mezhepsel boyut vermenin tehlikesine kar\u015f\u0131 uyar\u0131da bulundu. \u0130slam \u0130\u015fbirli\u011fi Te\u015fkilat\u0131 \u00fclkeleri d\u0131\u015fi\u015fleri bakanlar\u0131n\u0131n Kuveyt\u2019teki toplant\u0131lar\u0131na g\u00f6nderdi\u011fi mesajda Lavrov; jeopolitik anla\u015fmazl\u0131klara mezhepsel yada dini boyutlar vermenin kriz \u015fiddetini artt\u0131raca\u011f\u0131n\u0131 ve \u00e7\u00f6z\u00fcm\u00fcn\u00fc de engelleyece\u011fine vurgu yapt\u0131. Lavrov bu anla\u015fmazl\u0131klar\u0131n en k\u0131sa zamanda \u00e7\u00f6z\u00fclmesi y\u00f6n\u00fcnde &hellip;<\/p>\n","protected":false},"author":1,"featured_media":17291,"comment_status":"closed","ping_status":"closed","sticky":false,"template":"","format":"standard","meta":{"footnotes":""},"categories":[458,459,447],"tags":[14830],"class_list":["post-34788","post","type-post","status-publish","format-standard","has-post-thumbnail","","category-dunya1","category-haberler-arap-uluslararasi-politika","category-politika","tag-moskova-rusya-disisleri-bakani-sergey-lavrov-islam-ulkelerini-jeopolitik-anlasmazliklarina-dini-yada-mezhepsel-boyut-vermenin-tehlikesine-karsi-uyarida-bulundu"],"_links":{"self":[{"href":"https:\/\/archive.sana.sy\/tr\/index.php?rest_route=\/wp\/v2\/posts\/34788","targetHints":{"allow":["GET"]}}],"collection":[{"href":"https:\/\/archive.sana.sy\/tr\/index.php?rest_route=\/wp\/v2\/posts"}],"about":[{"href":"https:\/\/archive.sana.sy\/tr\/index.php?rest_route=\/wp\/v2\/types\/post"}],"author":[{"embeddable":true,"href":"https:\/\/archive.sana.sy\/tr\/index.php?rest_route=\/wp\/v2\/users\/1"}],"replies":[{"embeddable":true,"href":"https:\/\/archive.sana.sy\/tr\/index.php?rest_route=%2Fwp%2Fv2%2Fcomments&post=34788"}],"version-history":[{"count":0,"href":"https:\/\/archive.sana.sy\/tr\/index.php?rest_route=\/wp\/v2\/posts\/34788\/revisions"}],"wp:featuredmedia":[{"embeddable":true,"href":"https:\/\/archive.sana.sy\/tr\/index.php?rest_route=\/wp\/v2\/media\/17291"}],"wp:attachment":[{"href":"https:\/\/archive.sana.sy\/tr\/index.php?rest_route=%2Fwp%2Fv2%2Fmedia&parent=34788"}],"wp:term":[{"taxonomy":"category","embeddable":true,"href":"https:\/\/archive.sana.sy\/tr\/index.php?rest_route=%2Fwp%2Fv2%2Fcategories&post=34788"},{"taxonomy":"post_tag","embeddable":true,"href":"https:\/\/archive.sana.sy\/tr\/index.php?rest_route=%2Fwp%2Fv2%2Ftags&post=34788"}],"curies":[{"name":"wp","href":"https:\/\/api.w.org\/{rel}","templated":true}]}}