{"id":34810,"date":"2015-05-27T17:41:15","date_gmt":"2015-05-27T14:41:15","guid":{"rendered":"http:\/\/sana.sy\/tr\/?p=34810"},"modified":"2015-05-27T17:41:15","modified_gmt":"2015-05-27T14:41:15","slug":"urdun-ve-israilin-destekledigi-teror-ceteleri-su-kaynaklarina-saldirilarini-surduruyor","status":"publish","type":"post","link":"https:\/\/archive.sana.sy\/tr\/?p=34810","title":{"rendered":"\u00dcrd\u00fcn ve \u0130srail&#8217;in Destekledi\u011fi Ter\u00f6r \u00c7eteleri Su Kaynaklar\u0131na Sald\u0131r\u0131lar\u0131n\u0131 S\u00fcrd\u00fcr\u00fcyor"},"content":{"rendered":"<p>DERA \u2013 K\u0131z\u0131lay \u00d6rg\u00fct\u00fcn\u00fcn Dera \u0130l \u015eube Ba\u015fkan\u0131 Ahmet el Mesalime; \u00dcrd\u00fcn ve \u0130srail&#8217;in destekledikleri tekfirci ve hain ter\u00f6r \u00e7etelerinin Dera\u2019n\u0131n bat\u0131s\u0131nda su kaynaklar\u0131n\u0131 sabote etmeye devam ettiklerini belirtti.<\/p>\n<p>K\u0131z\u0131lay \u00e7al\u0131\u015fanlar\u0131 ve uluslar aras\u0131 K\u0131z\u0131lha\u00e7 \u00f6rg\u00fct\u00fcnden bir heyetle toplant\u0131da Mesalime y\u00fczlerce bin sivil vatanda\u015fa i\u00e7me suyu temin edilmesi amac\u0131yla ar\u0131za ve onar\u0131m ekiplerinin aral\u0131ks\u0131z \u00e7al\u0131\u015ft\u0131klar\u0131n\u0131, fakat ter\u00f6r \u00e7etelerinin sald\u0131r\u0131lar\u0131n\u0131 s\u00fcrd\u00fcrd\u00fcklerini s\u00f6yledi. Mesalime \u0130srail ve \u00dcrd\u00fcn koordinasyonuyla faaliyet g\u00f6steren ter\u00f6ristlerin ar\u0131za onar\u0131m ekiplerine de sald\u0131rd\u0131klar\u0131na i\u015faret etti.<\/p>\n<p>A.A. R.H.<\/p>\n","protected":false},"excerpt":{"rendered":"<p>DERA \u2013 K\u0131z\u0131lay \u00d6rg\u00fct\u00fcn\u00fcn Dera \u0130l \u015eube Ba\u015fkan\u0131 Ahmet el Mesalime; \u00dcrd\u00fcn ve \u0130srail&#8217;in destekledikleri tekfirci ve hain ter\u00f6r \u00e7etelerinin Dera\u2019n\u0131n bat\u0131s\u0131nda su kaynaklar\u0131n\u0131 sabote etmeye devam ettiklerini belirtti. K\u0131z\u0131lay \u00e7al\u0131\u015fanlar\u0131 ve uluslar aras\u0131 K\u0131z\u0131lha\u00e7 \u00f6rg\u00fct\u00fcnden bir heyetle toplant\u0131da Mesalime y\u00fczlerce bin sivil vatanda\u015fa i\u00e7me suyu temin edilmesi amac\u0131yla ar\u0131za ve onar\u0131m ekiplerinin aral\u0131ks\u0131z \u00e7al\u0131\u015ft\u0131klar\u0131n\u0131, &hellip;<\/p>\n","protected":false},"author":1,"featured_media":34811,"comment_status":"closed","ping_status":"closed","sticky":false,"template":"","format":"standard","meta":{"footnotes":""},"categories":[575],"tags":[],"class_list":["post-34810","post","type-post","status-publish","format-standard","has-post-thumbnail","","category-olaylar-ve-gercekler"],"_links":{"self":[{"href":"https:\/\/archive.sana.sy\/tr\/index.php?rest_route=\/wp\/v2\/posts\/34810","targetHints":{"allow":["GET"]}}],"collection":[{"href":"https:\/\/archive.sana.sy\/tr\/index.php?rest_route=\/wp\/v2\/posts"}],"about":[{"href":"https:\/\/archive.sana.sy\/tr\/index.php?rest_route=\/wp\/v2\/types\/post"}],"author":[{"embeddable":true,"href":"https:\/\/archive.sana.sy\/tr\/index.php?rest_route=\/wp\/v2\/users\/1"}],"replies":[{"embeddable":true,"href":"https:\/\/archive.sana.sy\/tr\/index.php?rest_route=%2Fwp%2Fv2%2Fcomments&post=34810"}],"version-history":[{"count":0,"href":"https:\/\/archive.sana.sy\/tr\/index.php?rest_route=\/wp\/v2\/posts\/34810\/revisions"}],"wp:featuredmedia":[{"embeddable":true,"href":"https:\/\/archive.sana.sy\/tr\/index.php?rest_route=\/wp\/v2\/media\/34811"}],"wp:attachment":[{"href":"https:\/\/archive.sana.sy\/tr\/index.php?rest_route=%2Fwp%2Fv2%2Fmedia&parent=34810"}],"wp:term":[{"taxonomy":"category","embeddable":true,"href":"https:\/\/archive.sana.sy\/tr\/index.php?rest_route=%2Fwp%2Fv2%2Fcategories&post=34810"},{"taxonomy":"post_tag","embeddable":true,"href":"https:\/\/archive.sana.sy\/tr\/index.php?rest_route=%2Fwp%2Fv2%2Ftags&post=34810"}],"curies":[{"name":"wp","href":"https:\/\/api.w.org\/{rel}","templated":true}]}}