{"id":34815,"date":"2015-05-27T18:06:33","date_gmt":"2015-05-27T15:06:33","guid":{"rendered":"http:\/\/sana.sy\/tr\/?p=34815"},"modified":"2015-05-27T18:06:33","modified_gmt":"2015-05-27T15:06:33","slug":"ordu-birlikleri-teroristlerin-alevlendirdikleri-yangini-sondurdu","status":"publish","type":"post","link":"https:\/\/archive.sana.sy\/tr\/?p=34815","title":{"rendered":"Ordu Birlikleri Ter\u00f6ristlerin Alevlendirdikleri Yang\u0131n\u0131 S\u00f6nd\u00fcrd\u00fc"},"content":{"rendered":"<p>HAMA \u2013 Erdo\u011fan rejiminin destekleyip y\u00f6nlendirdi\u011fi ter\u00f6r \u00e7eteleri Hama k\u0131rsal\u0131n\u0131n do\u011fusunda \u00e7ift\u00e7ilere ait bu\u011fday, arpa, zeytin ve badem ekili y\u00fczlerce d\u00f6n\u00fcm araziyi ate\u015fe vererek kundaklad\u0131.<\/p>\n<p>Teldere Belediye Ba\u015fkan\u0131 Diya Halil T\u00fcrkiye&#8217;deki rejimden her t\u00fcrl\u00fc deste\u011fi alan ter\u00f6r \u00e7etelerinin d\u00fcn \u00e7ift\u00e7ilere ait 1100 d\u00f6n\u00fcmden fazla araziyi hasat zaman\u0131 yakla\u015fan mahsullerle birlikte ate\u015fe verdiklerini belirtti. Halil Cemmala ve Ber\u011fiyt k\u00f6ylerinin yan\u0131 s\u0131ra Dellak Kav\u015fa\u011f\u0131 yak\u0131nlar\u0131nda ate\u015fe verilen tar\u0131m arazilerindeki yang\u0131n\u0131n Selemiye B\u00f6lgesine tabi Teldere Beldesi ve Kubbat el K\u00fcrdi K\u00f6y\u00fcne do\u011fru uzand\u0131\u011f\u0131n\u0131 s\u00f6yledi.<\/p>\n<p>Belediye Ba\u015fkan\u0131 Halil b\u00f6lgedeki ordu birliklerimizin yerel halk ile i\u015fbirli\u011fi i\u00e7inde yang\u0131n\u0131 s\u00f6nd\u00fcrd\u00fcklerini belirtti.<\/p>\n<p>A.A. &#8211; R.H.<\/p>\n","protected":false},"excerpt":{"rendered":"<p>HAMA \u2013 Erdo\u011fan rejiminin destekleyip y\u00f6nlendirdi\u011fi ter\u00f6r \u00e7eteleri Hama k\u0131rsal\u0131n\u0131n do\u011fusunda \u00e7ift\u00e7ilere ait bu\u011fday, arpa, zeytin ve badem ekili y\u00fczlerce d\u00f6n\u00fcm araziyi ate\u015fe vererek kundaklad\u0131. Teldere Belediye Ba\u015fkan\u0131 Diya Halil T\u00fcrkiye&#8217;deki rejimden her t\u00fcrl\u00fc deste\u011fi alan ter\u00f6r \u00e7etelerinin d\u00fcn \u00e7ift\u00e7ilere ait 1100 d\u00f6n\u00fcmden fazla araziyi hasat zaman\u0131 yakla\u015fan mahsullerle birlikte ate\u015fe verdiklerini belirtti. Halil Cemmala &hellip;<\/p>\n","protected":false},"author":1,"featured_media":34816,"comment_status":"closed","ping_status":"closed","sticky":false,"template":"","format":"standard","meta":{"footnotes":""},"categories":[479,575,478],"tags":[14832,14831,14833],"class_list":["post-34815","post","type-post","status-publish","format-standard","has-post-thumbnail","","category-haberler-yerel","category-olaylar-ve-gercekler","category-yerel","tag-arpa","tag-ordu-birlikleri-teroristlerin-alevlendirdikleri-yangini-sondurdu-hama-erdogan-rejiminin-destekleyip-yonlendirdigi-teror-ceteleri-hama-kirsalinin-dogusunda-ciftcilere-ait-bugday","tag-zeytin-ve-badem-ekili-yuzlerce-donum-araziyi-atese-vererek-kundakladi"],"_links":{"self":[{"href":"https:\/\/archive.sana.sy\/tr\/index.php?rest_route=\/wp\/v2\/posts\/34815","targetHints":{"allow":["GET"]}}],"collection":[{"href":"https:\/\/archive.sana.sy\/tr\/index.php?rest_route=\/wp\/v2\/posts"}],"about":[{"href":"https:\/\/archive.sana.sy\/tr\/index.php?rest_route=\/wp\/v2\/types\/post"}],"author":[{"embeddable":true,"href":"https:\/\/archive.sana.sy\/tr\/index.php?rest_route=\/wp\/v2\/users\/1"}],"replies":[{"embeddable":true,"href":"https:\/\/archive.sana.sy\/tr\/index.php?rest_route=%2Fwp%2Fv2%2Fcomments&post=34815"}],"version-history":[{"count":0,"href":"https:\/\/archive.sana.sy\/tr\/index.php?rest_route=\/wp\/v2\/posts\/34815\/revisions"}],"wp:featuredmedia":[{"embeddable":true,"href":"https:\/\/archive.sana.sy\/tr\/index.php?rest_route=\/wp\/v2\/media\/34816"}],"wp:attachment":[{"href":"https:\/\/archive.sana.sy\/tr\/index.php?rest_route=%2Fwp%2Fv2%2Fmedia&parent=34815"}],"wp:term":[{"taxonomy":"category","embeddable":true,"href":"https:\/\/archive.sana.sy\/tr\/index.php?rest_route=%2Fwp%2Fv2%2Fcategories&post=34815"},{"taxonomy":"post_tag","embeddable":true,"href":"https:\/\/archive.sana.sy\/tr\/index.php?rest_route=%2Fwp%2Fv2%2Ftags&post=34815"}],"curies":[{"name":"wp","href":"https:\/\/api.w.org\/{rel}","templated":true}]}}