{"id":34855,"date":"2015-05-27T20:45:37","date_gmt":"2015-05-27T17:45:37","guid":{"rendered":"http:\/\/sana.sy\/tr\/?p=34855"},"modified":"2015-05-27T20:45:37","modified_gmt":"2015-05-27T17:45:37","slug":"hain-saldirilarda-bir-kiz-cocuk-sehit-oldu","status":"publish","type":"post","link":"https:\/\/archive.sana.sy\/tr\/?p=34855","title":{"rendered":"Hain Sald\u0131r\u0131larda Bir K\u0131z \u00c7ocuk \u015eehit Oldu"},"content":{"rendered":"<p>\u015eAM \u2013 Tekfirci ve hain ter\u00f6ristlerin bug\u00fcn ba\u015fkent \u015eam\u2019\u0131n sivil yerle\u015fim alanlar\u0131ndan Adevi B\u00f6lgesindeki Ebu Cera\u015f Bostanlar\u0131n\u0131 iki havan mermisiyle hedef ald\u0131.<\/p>\n<p>Emniyet M\u00fcd\u00fcrl\u00fc\u011f\u00fcnde bir kaynak iki havan mermisinin Renk\u00fcsi Mahallesine d\u00fc\u015ft\u00fc\u011f\u00fcn\u00fc aktar\u0131rken, sald\u0131r\u0131da 11 ya\u015flar\u0131ndaki bir k\u0131z \u00e7ocu\u011funun \u015fehit d\u00fc\u015ft\u00fc\u011f\u00fcn\u00fc s\u00f6yledi.<\/p>\n<p>Kaynak Cobar B\u00f6lgesi yak\u0131nlar\u0131ndaki mahallede havan f\u00fczelerinin d\u00fc\u015ft\u00fc\u011f\u00fc iki evde b\u00fcy\u00fck maddi hasar\u0131n olu\u015ftu\u011funu aktard\u0131.<\/p>\n<p>A.A. &#8211; R.H.<\/p>\n","protected":false},"excerpt":{"rendered":"<p>\u015eAM \u2013 Tekfirci ve hain ter\u00f6ristlerin bug\u00fcn ba\u015fkent \u015eam\u2019\u0131n sivil yerle\u015fim alanlar\u0131ndan Adevi B\u00f6lgesindeki Ebu Cera\u015f Bostanlar\u0131n\u0131 iki havan mermisiyle hedef ald\u0131. Emniyet M\u00fcd\u00fcrl\u00fc\u011f\u00fcnde bir kaynak iki havan mermisinin Renk\u00fcsi Mahallesine d\u00fc\u015ft\u00fc\u011f\u00fcn\u00fc aktar\u0131rken, sald\u0131r\u0131da 11 ya\u015flar\u0131ndaki bir k\u0131z \u00e7ocu\u011funun \u015fehit d\u00fc\u015ft\u00fc\u011f\u00fcn\u00fc s\u00f6yledi. Kaynak Cobar B\u00f6lgesi yak\u0131nlar\u0131ndaki mahallede havan f\u00fczelerinin d\u00fc\u015ft\u00fc\u011f\u00fc iki evde b\u00fcy\u00fck maddi hasar\u0131n &hellip;<\/p>\n","protected":false},"author":1,"featured_media":27754,"comment_status":"closed","ping_status":"closed","sticky":false,"template":"","format":"standard","meta":{"footnotes":""},"categories":[575],"tags":[],"class_list":["post-34855","post","type-post","status-publish","format-standard","has-post-thumbnail","","category-olaylar-ve-gercekler"],"_links":{"self":[{"href":"https:\/\/archive.sana.sy\/tr\/index.php?rest_route=\/wp\/v2\/posts\/34855","targetHints":{"allow":["GET"]}}],"collection":[{"href":"https:\/\/archive.sana.sy\/tr\/index.php?rest_route=\/wp\/v2\/posts"}],"about":[{"href":"https:\/\/archive.sana.sy\/tr\/index.php?rest_route=\/wp\/v2\/types\/post"}],"author":[{"embeddable":true,"href":"https:\/\/archive.sana.sy\/tr\/index.php?rest_route=\/wp\/v2\/users\/1"}],"replies":[{"embeddable":true,"href":"https:\/\/archive.sana.sy\/tr\/index.php?rest_route=%2Fwp%2Fv2%2Fcomments&post=34855"}],"version-history":[{"count":0,"href":"https:\/\/archive.sana.sy\/tr\/index.php?rest_route=\/wp\/v2\/posts\/34855\/revisions"}],"wp:featuredmedia":[{"embeddable":true,"href":"https:\/\/archive.sana.sy\/tr\/index.php?rest_route=\/wp\/v2\/media\/27754"}],"wp:attachment":[{"href":"https:\/\/archive.sana.sy\/tr\/index.php?rest_route=%2Fwp%2Fv2%2Fmedia&parent=34855"}],"wp:term":[{"taxonomy":"category","embeddable":true,"href":"https:\/\/archive.sana.sy\/tr\/index.php?rest_route=%2Fwp%2Fv2%2Fcategories&post=34855"},{"taxonomy":"post_tag","embeddable":true,"href":"https:\/\/archive.sana.sy\/tr\/index.php?rest_route=%2Fwp%2Fv2%2Ftags&post=34855"}],"curies":[{"name":"wp","href":"https:\/\/api.w.org\/{rel}","templated":true}]}}