{"id":34857,"date":"2015-05-27T20:59:09","date_gmt":"2015-05-27T17:59:09","guid":{"rendered":"http:\/\/sana.sy\/tr\/?p=34857"},"modified":"2015-05-27T20:59:09","modified_gmt":"2015-05-27T17:59:09","slug":"gazel-uzerinde-calisilabilecek-140-yatirim-alani-belirlendi","status":"publish","type":"post","link":"https:\/\/archive.sana.sy\/tr\/?p=34857","title":{"rendered":"\u011eazel: \u00dczerinde \u00c7al\u0131\u015f\u0131labilecek 140 Yat\u0131r\u0131m Alan\u0131 Belirlendi"},"content":{"rendered":"<p>\u015eAM \u2013 Suriye Yat\u0131r\u0131m Kurumu Genel M\u00fcd\u00fcr\u00fc Hale \u011eazel, g\u0131da ve ila\u00e7 g\u00fcvenli\u011fi ile ilgili olanlar ba\u015fta olmak \u00fczere \u00fczerinde \u00e7al\u0131\u015f\u0131labilecek toplam 140 yat\u0131r\u0131m f\u0131rsat\u0131 belirlendi\u011fini a\u00e7\u0131klad\u0131.<\/p>\n<p>\u011eazel bug\u00fcn SANA Ekonomi B\u00fcltenine yapt\u0131\u011f\u0131 a\u00e7\u0131klamada, Yat\u0131r\u0131m Kurumunun, ger\u00e7ek alanlar, alt yap\u0131 ve be\u015feri-toplumsal kalk\u0131nma ko\u015fullar\u0131n\u0131 g\u00f6z \u00f6n\u00fcnde bulunduran bir gelecek perspektifi benimsedi\u011fine i\u015faret ederek icraatlar\u0131n kolayla\u015ft\u0131r\u0131lmas\u0131, yat\u0131r\u0131mla ilgili kanunlar\u0131n belirginle\u015ftirilmesi gibi ko\u015fullar\u0131n yat\u0131r\u0131m i\u00e7in b\u00fcy\u00fck \u00f6nem ta\u015f\u0131d\u0131\u011f\u0131n\u0131 vurgulad\u0131.<\/p>\n<p>Suriye&#8217;de yat\u0131r\u0131m alan\u0131n\u0131n her y\u0131l \u00f6ncekinden daha geli\u015fti\u011fine ve ileriye d\u00f6n\u00fck umut verici bir nitelik ta\u015f\u0131d\u0131\u011f\u0131na de\u011finen \u011eazel,\u00a0 yat\u0131r\u0131m\u0131n \u00fclke kalk\u0131nmas\u0131 ve ekonominin b\u00fcy\u00fcmesinde ta\u015f\u0131d\u0131\u011f\u0131n \u00f6nemi vurgulad\u0131.<\/p>\n<p>F.B. &#8211; R.H.<\/p>\n","protected":false},"excerpt":{"rendered":"<p>\u015eAM \u2013 Suriye Yat\u0131r\u0131m Kurumu Genel M\u00fcd\u00fcr\u00fc Hale \u011eazel, g\u0131da ve ila\u00e7 g\u00fcvenli\u011fi ile ilgili olanlar ba\u015fta olmak \u00fczere \u00fczerinde \u00e7al\u0131\u015f\u0131labilecek toplam 140 yat\u0131r\u0131m f\u0131rsat\u0131 belirlendi\u011fini a\u00e7\u0131klad\u0131. \u011eazel bug\u00fcn SANA Ekonomi B\u00fcltenine yapt\u0131\u011f\u0131 a\u00e7\u0131klamada, Yat\u0131r\u0131m Kurumunun, ger\u00e7ek alanlar, alt yap\u0131 ve be\u015feri-toplumsal kalk\u0131nma ko\u015fullar\u0131n\u0131 g\u00f6z \u00f6n\u00fcnde bulunduran bir gelecek perspektifi benimsedi\u011fine i\u015faret ederek icraatlar\u0131n kolayla\u015ft\u0131r\u0131lmas\u0131, &hellip;<\/p>\n","protected":false},"author":1,"featured_media":34858,"comment_status":"closed","ping_status":"closed","sticky":false,"template":"","format":"standard","meta":{"footnotes":""},"categories":[485,486],"tags":[14839,14840],"class_list":["post-34857","post","type-post","status-publish","format-standard","has-post-thumbnail","","category-is-ve-sermaye","category-haberler-is-ve-sermaye","tag-gazel-uzerinde-calisilabilecek-140-yatirim-alani-belirlendi-sam-suriye-yatirim-kurumu-genel-muduru-hale-gazel","tag-gida-ve-ilac-guvenligi-ile-ilgili-olanlar-basta-olmak-uzere-uzerinde-calisilabilecek-toplam-140-yatirim-firsati-belirlendigini-acikladi"],"_links":{"self":[{"href":"https:\/\/archive.sana.sy\/tr\/index.php?rest_route=\/wp\/v2\/posts\/34857","targetHints":{"allow":["GET"]}}],"collection":[{"href":"https:\/\/archive.sana.sy\/tr\/index.php?rest_route=\/wp\/v2\/posts"}],"about":[{"href":"https:\/\/archive.sana.sy\/tr\/index.php?rest_route=\/wp\/v2\/types\/post"}],"author":[{"embeddable":true,"href":"https:\/\/archive.sana.sy\/tr\/index.php?rest_route=\/wp\/v2\/users\/1"}],"replies":[{"embeddable":true,"href":"https:\/\/archive.sana.sy\/tr\/index.php?rest_route=%2Fwp%2Fv2%2Fcomments&post=34857"}],"version-history":[{"count":0,"href":"https:\/\/archive.sana.sy\/tr\/index.php?rest_route=\/wp\/v2\/posts\/34857\/revisions"}],"wp:featuredmedia":[{"embeddable":true,"href":"https:\/\/archive.sana.sy\/tr\/index.php?rest_route=\/wp\/v2\/media\/34858"}],"wp:attachment":[{"href":"https:\/\/archive.sana.sy\/tr\/index.php?rest_route=%2Fwp%2Fv2%2Fmedia&parent=34857"}],"wp:term":[{"taxonomy":"category","embeddable":true,"href":"https:\/\/archive.sana.sy\/tr\/index.php?rest_route=%2Fwp%2Fv2%2Fcategories&post=34857"},{"taxonomy":"post_tag","embeddable":true,"href":"https:\/\/archive.sana.sy\/tr\/index.php?rest_route=%2Fwp%2Fv2%2Ftags&post=34857"}],"curies":[{"name":"wp","href":"https:\/\/api.w.org\/{rel}","templated":true}]}}