{"id":34860,"date":"2015-05-27T21:03:51","date_gmt":"2015-05-27T18:03:51","guid":{"rendered":"http:\/\/sana.sy\/tr\/?p=34860"},"modified":"2015-05-27T21:03:51","modified_gmt":"2015-05-27T18:03:51","slug":"terorle-mucadelede-cabalari-birlestirmek-gerekiyor","status":"publish","type":"post","link":"https:\/\/archive.sana.sy\/tr\/?p=34860","title":{"rendered":"Ter\u00f6rle M\u00fccadelede \u00c7abalar\u0131 Birle\u015ftirmek Gerekiyor"},"content":{"rendered":"<p>\u015eAM \u2013 Halk Meclisi Ba\u015fkan\u0131 Muhammed Cihat el Lahham bug\u00fcn Ermenistan D\u0131\u015fi\u015fleri Bakan\u0131 Edward Nalbandian ile Suriye ve t\u00fcm b\u00f6lgedeki siyasi geli\u015fmelerin yan\u0131 s\u0131ra Suriye halk\u0131n\u0131n maruz kald\u0131\u011f\u0131 organizeli evrensel ter\u00f6r\u00fc masaya yat\u0131rd\u0131.<\/p>\n<p>D\u0131\u015f destekli ter\u00f6ristlerin Suriye&#8217;de halka kar\u015f\u0131 bulunduklar\u0131 sald\u0131r\u0131lar\u0131n sava su\u00e7u niteli\u011finde oldu\u011funun belirtildi\u011fi g\u00f6r\u00fc\u015fmede iki taraf; Suriye&#8217;de t\u00fcm taraflar aras\u0131nda diyalogun s\u00fcrd\u00fcr\u00fclmesi ve ulusal \u00e7\u0131karlar\u0131n savunulmas\u0131 \u00f6nemine vurgu yapt\u0131.<\/p>\n<p><a href=\"http:\/\/sana.sy\/tr\/wp-content\/uploads\/2015\/05\/lahham-2.jpg\"><img loading=\"lazy\" decoding=\"async\" class=\" size-medium wp-image-34862 alignright\" src=\"http:\/\/sana.sy\/tr\/wp-content\/uploads\/2015\/05\/lahham-2-300x200.jpg\" alt=\"lahham 2\" width=\"300\" height=\"200\" srcset=\"https:\/\/archive.sana.sy\/tr\/wp-content\/uploads\/2015\/05\/lahham-2-300x200.jpg 300w, https:\/\/archive.sana.sy\/tr\/wp-content\/uploads\/2015\/05\/lahham-2-150x100.jpg 150w, https:\/\/archive.sana.sy\/tr\/wp-content\/uploads\/2015\/05\/lahham-2.jpg 500w\" sizes=\"auto, (max-width: 300px) 100vw, 300px\" \/><\/a>Meclis Ba\u015fkan\u0131 Lahham Suriye, Libya, Yemen ve Irak\u2019ta y\u00fcr\u00fct\u00fclmekte olan sava\u015flar\u0131n ulusal devlet yap\u0131s\u0131n\u0131 y\u0131kmak ve yerine hegemonya alt\u0131nda k\u00fc\u00e7\u00fck kantonlar kurmak oldu\u011funa dikkat \u00e7ekti. Lahham T\u00fcrkiye, Suudi Arabistan, Katar ve daha ba\u015fka devletlerin Suriyelilerin kanlar\u0131n\u0131n ak\u0131t\u0131lmas\u0131ndaki rolleri ve ter\u00f6re desteklerine \u0131\u015f\u0131k tuttu.<\/p>\n<p>Bu devletlerin Suriye&#8217;de muhtelif adland\u0131rmalar alt\u0131ndaki ter\u00f6r \u00f6rg\u00fctlere desteklerini uluslar aras\u0131 kanun ve kararlar kapsam\u0131nda kesmeleri zorunlulu\u011funu ifade eden Lahham b\u00f6lge halklar\u0131n\u0131n t\u00fcm\u00fcn\u00fc ciddi bir \u015fekilde tehdit eden ter\u00f6re kar\u015f\u0131 m\u00fccadelede \u00e7abalar\u0131 yo\u011funla\u015ft\u0131rma ve peki\u015ftirme gere\u011fini vurgulad\u0131.<\/p>\n<p>Nalbandian ise Suriye&#8217;de ter\u00f6re son verme amac\u0131yla t\u00fcm olanaklar\u0131n seferber edilmesi gerekti\u011fine dikkat \u00e7ekti. Bu y\u00f6nde her \u015feyden \u00f6nce ter\u00f6r kaynaklar\u0131n\u0131n kurutulmas\u0131 ve ter\u00f6r\u00fc destekleyenlerin bu desteklerini kesmelerine zorlanmalar\u0131 gerekti\u011fini vurgulayan Nalbandian; bunlar\u0131n aras\u0131nda ter\u00f6ristlerin gasp ettikleri petrol ve benzeri finans kaynaklar\u0131n\u0131 durdurmak gerekti\u011fini s\u00f6yledi.<\/p>\n<p>A.A. &#8211; R.H.<\/p>\n","protected":false},"excerpt":{"rendered":"<p>\u015eAM \u2013 Halk Meclisi Ba\u015fkan\u0131 Muhammed Cihat el Lahham bug\u00fcn Ermenistan D\u0131\u015fi\u015fleri Bakan\u0131 Edward Nalbandian ile Suriye ve t\u00fcm b\u00f6lgedeki siyasi geli\u015fmelerin yan\u0131 s\u0131ra Suriye halk\u0131n\u0131n maruz kald\u0131\u011f\u0131 organizeli evrensel ter\u00f6r\u00fc masaya yat\u0131rd\u0131. D\u0131\u015f destekli ter\u00f6ristlerin Suriye&#8217;de halka kar\u015f\u0131 bulunduklar\u0131 sald\u0131r\u0131lar\u0131n sava su\u00e7u niteli\u011finde oldu\u011funun belirtildi\u011fi g\u00f6r\u00fc\u015fmede iki taraf; Suriye&#8217;de t\u00fcm taraflar aras\u0131nda diyalogun s\u00fcrd\u00fcr\u00fclmesi &hellip;<\/p>\n","protected":false},"author":1,"featured_media":34861,"comment_status":"closed","ping_status":"closed","sticky":false,"template":"","format":"standard","meta":{"footnotes":""},"categories":[479,447,2554,2555,478],"tags":[],"class_list":["post-34860","post","type-post","status-publish","format-standard","has-post-thumbnail","","category-haberler-yerel","category-politika","category-suriye-ve-dunya","category-suriye-ve-turkiye","category-yerel"],"_links":{"self":[{"href":"https:\/\/archive.sana.sy\/tr\/index.php?rest_route=\/wp\/v2\/posts\/34860","targetHints":{"allow":["GET"]}}],"collection":[{"href":"https:\/\/archive.sana.sy\/tr\/index.php?rest_route=\/wp\/v2\/posts"}],"about":[{"href":"https:\/\/archive.sana.sy\/tr\/index.php?rest_route=\/wp\/v2\/types\/post"}],"author":[{"embeddable":true,"href":"https:\/\/archive.sana.sy\/tr\/index.php?rest_route=\/wp\/v2\/users\/1"}],"replies":[{"embeddable":true,"href":"https:\/\/archive.sana.sy\/tr\/index.php?rest_route=%2Fwp%2Fv2%2Fcomments&post=34860"}],"version-history":[{"count":0,"href":"https:\/\/archive.sana.sy\/tr\/index.php?rest_route=\/wp\/v2\/posts\/34860\/revisions"}],"wp:featuredmedia":[{"embeddable":true,"href":"https:\/\/archive.sana.sy\/tr\/index.php?rest_route=\/wp\/v2\/media\/34861"}],"wp:attachment":[{"href":"https:\/\/archive.sana.sy\/tr\/index.php?rest_route=%2Fwp%2Fv2%2Fmedia&parent=34860"}],"wp:term":[{"taxonomy":"category","embeddable":true,"href":"https:\/\/archive.sana.sy\/tr\/index.php?rest_route=%2Fwp%2Fv2%2Fcategories&post=34860"},{"taxonomy":"post_tag","embeddable":true,"href":"https:\/\/archive.sana.sy\/tr\/index.php?rest_route=%2Fwp%2Fv2%2Ftags&post=34860"}],"curies":[{"name":"wp","href":"https:\/\/api.w.org\/{rel}","templated":true}]}}