{"id":34867,"date":"2015-05-28T08:32:12","date_gmt":"2015-05-28T05:32:12","guid":{"rendered":"http:\/\/sana.sy\/tr\/?p=34867"},"modified":"2015-05-28T12:56:50","modified_gmt":"2015-05-28T09:56:50","slug":"suriyeli-anka-kampanyasinin-ikinci-asamasi-basladi","status":"publish","type":"post","link":"https:\/\/archive.sana.sy\/tr\/?p=34867","title":{"rendered":"Suriyeli Anka Kampanyas\u0131n\u0131n \u0130kinci A\u015famas\u0131 Ba\u015flad\u0131"},"content":{"rendered":"<p>\u015eAM \u2013 Suriyeli gurbet\u00e7ilerin Liray\u0131 ve ulusal ekonomiyi desteklemek amac\u0131yla organize etti\u011fi \u201cSuriyeli Anka\u201d kampanyas\u0131n\u0131n ikinci a\u015famas\u0131 faaliyetleri ba\u015flad\u0131.<\/p>\n<p>Gurbet\u00e7ilerin bulunduklar\u0131 \u00fclkelerde Suriye \u00fcr\u00fcnlerini desteklemeyi hedefleyen bu a\u015famada Suriye halk\u0131n\u0131n uluslararas\u0131 destekli vah\u015fi ter\u00f6r kar\u015f\u0131s\u0131ndaki direni\u015fini desteklemek amac\u0131yla t\u00fcketiciye uygun fiyatlarla \u00fcr\u00fcnler sunuluyor.<\/p>\n<p>Kampanya Organizat\u00f6rlerinden Nesrin Zreyk SANA\u2019ya yapt\u0131\u011f\u0131 a\u00e7\u0131klamada, kampanya kapsam\u0131nda \u00fclkenin farkl\u0131 b\u00f6lgelerinde kurulacak sat\u0131\u015f noktalar\u0131ndan vatanda\u015flara b\u00fct\u00e7elerine uygun t\u00fcketim \u00fcr\u00fcnleri sat\u0131laca\u011f\u0131n\u0131 ifade etti.<\/p>\n<p>Kampanyan\u0131n ba\u015flang\u0131\u00e7 noktas\u0131n\u0131n Lazkiye ve \u015eam olaca\u011f\u0131na i\u015faret eden Zreyk; daha sonraki s\u00fcre\u00e7te \u00fclkenin b\u00fct\u00fcn kampanyan\u0131n \u00fclkenin b\u00fct\u00fcn illerine yayg\u0131nla\u015ft\u0131r\u0131laca\u011f\u0131n\u0131 belirtti.<\/p>\n<p>Sat\u0131lacak \u00fcr\u00fcnlerin genel olarak g\u0131da ve temel ihtiya\u00e7 malzemeleri olaca\u011f\u0131na de\u011finen Zreyk, bir y\u0131ll\u0131k s\u00fcre i\u00e7erisinde \u00fclkenin b\u00fct\u00fcn b\u00f6lgelerinde sat\u0131\u015f noktas\u0131 a\u00e7m\u0131\u015f olmay\u0131 hedeflediklerini aktard\u0131.<\/p>\n<p>Hat\u0131rlanaca\u011f\u0131 \u00fczere &#8220;Liray\u0131 ve Ulusal Ekonomiyi Desteklemek \u0130\u00e7in Aleni M\u00fcdahale&#8221; olarak nitelendirilen Suriyeli Anka kampanyas\u0131 15 May\u0131s 2015 tarihinde Suriyeli gurbet\u00e7ilerin bulunduklar\u0131 \u00fclkelerde en az 100 dolar kar\u015f\u0131l\u0131\u011f\u0131nda Suriye Liras\u0131 alarak bankaya yat\u0131rma\u00a0\u015feklinde uygulanmaya ba\u015flam\u0131\u015ft\u0131.<\/p>\n<p>F.B &#8211; S.\u015e<\/p>\n","protected":false},"excerpt":{"rendered":"<p>\u015eAM \u2013 Suriyeli gurbet\u00e7ilerin Liray\u0131 ve ulusal ekonomiyi desteklemek amac\u0131yla organize etti\u011fi \u201cSuriyeli Anka\u201d kampanyas\u0131n\u0131n ikinci a\u015famas\u0131 faaliyetleri ba\u015flad\u0131. Gurbet\u00e7ilerin bulunduklar\u0131 \u00fclkelerde Suriye \u00fcr\u00fcnlerini desteklemeyi hedefleyen bu a\u015famada Suriye halk\u0131n\u0131n uluslararas\u0131 destekli vah\u015fi ter\u00f6r kar\u015f\u0131s\u0131ndaki direni\u015fini desteklemek amac\u0131yla t\u00fcketiciye uygun fiyatlarla \u00fcr\u00fcnler sunuluyor. Kampanya Organizat\u00f6rlerinden Nesrin Zreyk SANA\u2019ya yapt\u0131\u011f\u0131 a\u00e7\u0131klamada, kampanya kapsam\u0131nda \u00fclkenin farkl\u0131 b\u00f6lgelerinde &hellip;<\/p>\n","protected":false},"author":1,"featured_media":34895,"comment_status":"closed","ping_status":"closed","sticky":false,"template":"","format":"standard","meta":{"footnotes":""},"categories":[485,486],"tags":[14843],"class_list":["post-34867","post","type-post","status-publish","format-standard","has-post-thumbnail","","category-is-ve-sermaye","category-haberler-is-ve-sermaye","tag-suriyeli-anka-kampanyasinin-ikinci-asamasi-basladi"],"_links":{"self":[{"href":"https:\/\/archive.sana.sy\/tr\/index.php?rest_route=\/wp\/v2\/posts\/34867","targetHints":{"allow":["GET"]}}],"collection":[{"href":"https:\/\/archive.sana.sy\/tr\/index.php?rest_route=\/wp\/v2\/posts"}],"about":[{"href":"https:\/\/archive.sana.sy\/tr\/index.php?rest_route=\/wp\/v2\/types\/post"}],"author":[{"embeddable":true,"href":"https:\/\/archive.sana.sy\/tr\/index.php?rest_route=\/wp\/v2\/users\/1"}],"replies":[{"embeddable":true,"href":"https:\/\/archive.sana.sy\/tr\/index.php?rest_route=%2Fwp%2Fv2%2Fcomments&post=34867"}],"version-history":[{"count":0,"href":"https:\/\/archive.sana.sy\/tr\/index.php?rest_route=\/wp\/v2\/posts\/34867\/revisions"}],"wp:featuredmedia":[{"embeddable":true,"href":"https:\/\/archive.sana.sy\/tr\/index.php?rest_route=\/wp\/v2\/media\/34895"}],"wp:attachment":[{"href":"https:\/\/archive.sana.sy\/tr\/index.php?rest_route=%2Fwp%2Fv2%2Fmedia&parent=34867"}],"wp:term":[{"taxonomy":"category","embeddable":true,"href":"https:\/\/archive.sana.sy\/tr\/index.php?rest_route=%2Fwp%2Fv2%2Fcategories&post=34867"},{"taxonomy":"post_tag","embeddable":true,"href":"https:\/\/archive.sana.sy\/tr\/index.php?rest_route=%2Fwp%2Fv2%2Ftags&post=34867"}],"curies":[{"name":"wp","href":"https:\/\/api.w.org\/{rel}","templated":true}]}}