{"id":34872,"date":"2015-05-28T08:39:25","date_gmt":"2015-05-28T05:39:25","guid":{"rendered":"http:\/\/sana.sy\/tr\/?p=34872"},"modified":"2015-05-28T12:47:36","modified_gmt":"2015-05-28T09:47:36","slug":"suriye-ve-iraka-terorist-transferini-onleme-cabalari-baskiya-maruz-kaliyor","status":"publish","type":"post","link":"https:\/\/archive.sana.sy\/tr\/?p=34872","title":{"rendered":"Suriye ve Irak\u2019a Ter\u00f6rist Transferini \u00d6nleme \u00c7abalar\u0131 Bask\u0131ya Maruz Kal\u0131yor"},"content":{"rendered":"<p>TUNUS \u2013 Tunus\u2019ta yay\u0131nlanan el \u015eark Gazetesi d\u00fcn yay\u0131nlad\u0131\u011f\u0131 haberde Tunus\u2019ta Uluslararas\u0131 Kartaca Havaalan\u0131 G\u00fcvenlik Birimlerinin, T\u00fcrkiye ve Fas seferleri arac\u0131l\u0131\u011f\u0131yla Suriye ve Irak\u2019ta bulunan ter\u00f6r gruplar\u0131na kat\u0131lmalar\u0131 amac\u0131yla Tunuslular\u0131n \u00fclke d\u0131\u015f\u0131na \u00e7\u0131kar\u0131lmalar\u0131 faaliyetlerine kar\u015f\u0131 durduklar\u0131n\u0131 ortaya koydu.<\/p>\n<p>Nerdeyse her g\u00fcn T\u00fcrkiye ve Fas seferleri arac\u0131l\u0131\u011f\u0131yla Suriye ve Irak\u2019ta bulunan silahl\u0131 ter\u00f6r gruplar\u0131na kat\u0131lmak i\u00e7in bir\u00e7ok Tunuslunun \u00fclke d\u0131\u015f\u0131na \u00e7\u0131kart\u0131lmas\u0131 vakas\u0131yla kar\u015f\u0131 kar\u015f\u0131ya gelindi\u011fini ifade eden gazete, g\u00fcvenlik birimlerinin bu faaliyetleri \u00f6nlemeleri nedeniyle yetkili birimler taraf\u0131ndan \u00f6d\u00fcllendirilece\u011fi yerde bask\u0131ya maruz kald\u0131klar\u0131n\u0131n alt\u0131n\u0131 \u00e7izdi.<\/p>\n<p>Tunus G\u00fcvenlik Birimlerinde Yetkili Bir Kaynak, gazetecilere yapt\u0131\u011f\u0131 a\u00e7\u0131klamada, Suriye\u2019ye ter\u00f6rist transfer edilmesi ile ilgili g\u00f6revli g\u00fcvenlik yetkililerinin de iktidar taraf\u0131ndan bask\u0131ya maruz kald\u0131klar\u0131n\u0131 ifade etti.<\/p>\n<p>Kaynak, konuyla ilgili Tunus Kartaca Havaalan\u0131 G\u00fcvenlik Birimlerine y\u00f6nelik d\u00fczenlenen operasyonlara ra\u011fmen havaalan\u0131 g\u00fcvenlik birimlerinin, Tunuslu gen\u00e7lerin Suriye ve Irak\u2019a ter\u00f6rist olarak transfer edilmesinin \u00f6n\u00fcne ge\u00e7me \u00e7abas\u0131n\u0131 s\u00fcrd\u00fcrd\u00fcklerini ibraz etti.<\/p>\n<p>Kartaca Havaalan\u0131 G\u00fcvenlik yetkilileri hakk\u0131nda \u0130\u00e7i\u015fleri Bakanl\u0131\u011f\u0131ndan her g\u00fcn as\u0131ls\u0131z raporlar ve \u015fikayetler geldi\u011fine i\u015faret eden Kaynak, \u0130\u00e7i\u015fleri Bakan\u0131 Muhammet Necim \u011earseli\u2019ye Kartaca Havaalan\u0131nda g\u00f6rev yapan g\u00fcvenlik g\u00f6revlileri ve yetkililerinin de anlat\u0131mlar\u0131n\u0131 dinleme \u00e7a\u011fr\u0131s\u0131nda bulundu.<\/p>\n<p>F.B &#8211; S.\u015e<\/p>\n","protected":false},"excerpt":{"rendered":"<p>TUNUS \u2013 Tunus\u2019ta yay\u0131nlanan el \u015eark Gazetesi d\u00fcn yay\u0131nlad\u0131\u011f\u0131 haberde Tunus\u2019ta Uluslararas\u0131 Kartaca Havaalan\u0131 G\u00fcvenlik Birimlerinin, T\u00fcrkiye ve Fas seferleri arac\u0131l\u0131\u011f\u0131yla Suriye ve Irak\u2019ta bulunan ter\u00f6r gruplar\u0131na kat\u0131lmalar\u0131 amac\u0131yla Tunuslular\u0131n \u00fclke d\u0131\u015f\u0131na \u00e7\u0131kar\u0131lmalar\u0131 faaliyetlerine kar\u015f\u0131 durduklar\u0131n\u0131 ortaya koydu. Nerdeyse her g\u00fcn T\u00fcrkiye ve Fas seferleri arac\u0131l\u0131\u011f\u0131yla Suriye ve Irak\u2019ta bulunan silahl\u0131 ter\u00f6r gruplar\u0131na kat\u0131lmak i\u00e7in &hellip;<\/p>\n","protected":false},"author":1,"featured_media":15623,"comment_status":"closed","ping_status":"closed","sticky":false,"template":"","format":"standard","meta":{"footnotes":""},"categories":[558,556,447,2554,2555],"tags":[14844],"class_list":["post-34872","post","type-post","status-publish","format-standard","has-post-thumbnail","","category-arap-basini","category-basin","category-politika","category-suriye-ve-dunya","category-suriye-ve-turkiye","tag-suriye-ve-iraka-terorist-transferini-onleme-cabalari-baskiya-maruz-kaliyor"],"_links":{"self":[{"href":"https:\/\/archive.sana.sy\/tr\/index.php?rest_route=\/wp\/v2\/posts\/34872","targetHints":{"allow":["GET"]}}],"collection":[{"href":"https:\/\/archive.sana.sy\/tr\/index.php?rest_route=\/wp\/v2\/posts"}],"about":[{"href":"https:\/\/archive.sana.sy\/tr\/index.php?rest_route=\/wp\/v2\/types\/post"}],"author":[{"embeddable":true,"href":"https:\/\/archive.sana.sy\/tr\/index.php?rest_route=\/wp\/v2\/users\/1"}],"replies":[{"embeddable":true,"href":"https:\/\/archive.sana.sy\/tr\/index.php?rest_route=%2Fwp%2Fv2%2Fcomments&post=34872"}],"version-history":[{"count":0,"href":"https:\/\/archive.sana.sy\/tr\/index.php?rest_route=\/wp\/v2\/posts\/34872\/revisions"}],"wp:featuredmedia":[{"embeddable":true,"href":"https:\/\/archive.sana.sy\/tr\/index.php?rest_route=\/wp\/v2\/media\/15623"}],"wp:attachment":[{"href":"https:\/\/archive.sana.sy\/tr\/index.php?rest_route=%2Fwp%2Fv2%2Fmedia&parent=34872"}],"wp:term":[{"taxonomy":"category","embeddable":true,"href":"https:\/\/archive.sana.sy\/tr\/index.php?rest_route=%2Fwp%2Fv2%2Fcategories&post=34872"},{"taxonomy":"post_tag","embeddable":true,"href":"https:\/\/archive.sana.sy\/tr\/index.php?rest_route=%2Fwp%2Fv2%2Ftags&post=34872"}],"curies":[{"name":"wp","href":"https:\/\/api.w.org\/{rel}","templated":true}]}}