{"id":34875,"date":"2015-05-28T08:42:32","date_gmt":"2015-05-28T05:42:32","guid":{"rendered":"http:\/\/sana.sy\/tr\/?p=34875"},"modified":"2015-05-28T12:52:11","modified_gmt":"2015-05-28T09:52:11","slug":"badem-mahsulu-bu-yil-ureticinin-yuzunu-guldurecek","status":"publish","type":"post","link":"https:\/\/archive.sana.sy\/tr\/?p=34875","title":{"rendered":"Badem Mahsul\u00fc Bu Y\u0131l \u00dcreticinin Y\u00fcz\u00fcn\u00fc G\u00fcld\u00fcrecek"},"content":{"rendered":"<p>\u015eAM \u2013 Ziraat Bakanl\u0131\u011f\u0131nda Bitki \u00dcretimi Dairesi M\u00fcd\u00fcr\u00fc Abd\u00fclmuin el Kadmani, bu y\u0131lki badem mahsul\u00fcn\u00fcn iyi oldu\u011funa i\u015faret ederek bu y\u0131l 50 bin ton badem \u00fcretilece\u011fi tahmininde bulundu.<\/p>\n<p>SANA Ekonomi B\u00fcltenine bir a\u00e7\u0131klama yapan Kadmani, 2013 y\u0131l\u0131nda 71551 hektarl\u0131k araziden 83114 ton badem \u00fcretilmesine kar\u015f\u0131l\u0131k ge\u00e7ti\u011fimiz y\u0131l badem \u00fcretiminin 68617 hektarl\u0131k araziden 35638 ton ile s\u0131n\u0131rl\u0131 kald\u0131\u011f\u0131na i\u015faret ederek bu y\u0131l badem \u00fcretiminde ciddi bir iyile\u015fme olaca\u011f\u0131n\u0131 m\u00fcjdeledi.<\/p>\n<p>\u00d6te yandan Ziraat Bakanl\u0131\u011f\u0131nda Tar\u0131m \u00dcr\u00fcnlerini Pazarlama Dairesi M\u00fcd\u00fcr\u00fc Yard\u0131mc\u0131s\u0131 Abdullah Attum, Suriye\u2019nin badem \u00fcretiminde en \u00f6nemli \u00fclkeler aras\u0131nda bulundu\u011funa i\u015faret ederek 2011 y\u0131l\u0131nda d\u00fcnya badem \u00fcretiminin %7\u2019sinin Suriye\u2019de \u00fcretildi\u011fini ve bu alanda d\u00fcnyada 4. S\u0131rada yer ald\u0131\u011f\u0131m\u0131z\u0131 ibraz etti.<\/p>\n<p>F.B &#8211; S.\u015e<\/p>\n","protected":false},"excerpt":{"rendered":"<p>\u015eAM \u2013 Ziraat Bakanl\u0131\u011f\u0131nda Bitki \u00dcretimi Dairesi M\u00fcd\u00fcr\u00fc Abd\u00fclmuin el Kadmani, bu y\u0131lki badem mahsul\u00fcn\u00fcn iyi oldu\u011funa i\u015faret ederek bu y\u0131l 50 bin ton badem \u00fcretilece\u011fi tahmininde bulundu. SANA Ekonomi B\u00fcltenine bir a\u00e7\u0131klama yapan Kadmani, 2013 y\u0131l\u0131nda 71551 hektarl\u0131k araziden 83114 ton badem \u00fcretilmesine kar\u015f\u0131l\u0131k ge\u00e7ti\u011fimiz y\u0131l badem \u00fcretiminin 68617 hektarl\u0131k araziden 35638 ton ile &hellip;<\/p>\n","protected":false},"author":1,"featured_media":34894,"comment_status":"closed","ping_status":"closed","sticky":false,"template":"","format":"standard","meta":{"footnotes":""},"categories":[485,486,479,478],"tags":[14845],"class_list":["post-34875","post","type-post","status-publish","format-standard","has-post-thumbnail","","category-is-ve-sermaye","category-haberler-is-ve-sermaye","category-haberler-yerel","category-yerel","tag-badem-mahsulu-bu-yil-ureticinin-yuzunu-guldurecek"],"_links":{"self":[{"href":"https:\/\/archive.sana.sy\/tr\/index.php?rest_route=\/wp\/v2\/posts\/34875","targetHints":{"allow":["GET"]}}],"collection":[{"href":"https:\/\/archive.sana.sy\/tr\/index.php?rest_route=\/wp\/v2\/posts"}],"about":[{"href":"https:\/\/archive.sana.sy\/tr\/index.php?rest_route=\/wp\/v2\/types\/post"}],"author":[{"embeddable":true,"href":"https:\/\/archive.sana.sy\/tr\/index.php?rest_route=\/wp\/v2\/users\/1"}],"replies":[{"embeddable":true,"href":"https:\/\/archive.sana.sy\/tr\/index.php?rest_route=%2Fwp%2Fv2%2Fcomments&post=34875"}],"version-history":[{"count":0,"href":"https:\/\/archive.sana.sy\/tr\/index.php?rest_route=\/wp\/v2\/posts\/34875\/revisions"}],"wp:featuredmedia":[{"embeddable":true,"href":"https:\/\/archive.sana.sy\/tr\/index.php?rest_route=\/wp\/v2\/media\/34894"}],"wp:attachment":[{"href":"https:\/\/archive.sana.sy\/tr\/index.php?rest_route=%2Fwp%2Fv2%2Fmedia&parent=34875"}],"wp:term":[{"taxonomy":"category","embeddable":true,"href":"https:\/\/archive.sana.sy\/tr\/index.php?rest_route=%2Fwp%2Fv2%2Fcategories&post=34875"},{"taxonomy":"post_tag","embeddable":true,"href":"https:\/\/archive.sana.sy\/tr\/index.php?rest_route=%2Fwp%2Fv2%2Ftags&post=34875"}],"curies":[{"name":"wp","href":"https:\/\/api.w.org\/{rel}","templated":true}]}}