{"id":3488,"date":"2014-06-20T13:56:56","date_gmt":"2014-06-20T10:56:56","guid":{"rendered":"http:\/\/sanasyria.org\/tr\/?p=3488"},"modified":"2014-06-20T13:56:56","modified_gmt":"2014-06-20T10:56:56","slug":"halk-carsisinda-bombali-eylem","status":"publish","type":"post","link":"https:\/\/archive.sana.sy\/tr\/?p=3488","title":{"rendered":"Halk \u00c7ar\u015f\u0131s\u0131nda Bombal\u0131 Eylem"},"content":{"rendered":"<p>HOMS \u2013 D\u0131\u015f g\u00fc\u00e7lerin patronajl\u0131\u011f\u0131ndaki tekfirci ve hain ter\u00f6r \u00e7eteleri bug\u00fcn ak\u015fam saatlerinde Homs Kentinin Nezha Semtinde bir halk \u00e7ar\u015f\u0131s\u0131nda bombal\u0131 bir arac\u0131 havaya u\u00e7urdu.<\/p>\n<p>Homs Valili\u011finde yetkili bir kaynak gaddar bombal\u0131 eylemde aralar\u0131nda \u00e7ocuk ve kad\u0131nlar\u0131n bulundu\u011fu 6 vatanda\u015f\u0131n \u015fehit, 40 vatanda\u015f\u0131n da yaral\u0131 d\u00fc\u015ft\u00fcklerini belirtti.<\/p>\n<p>Bombal\u0131 eylemin Nezha, Vadi el Deheb ve Yeni Akrema semtlerinin yol ay\u0131r\u0131m\u0131nda insnalar\u0131n yo\u011fun olarak bulundu\u011fu bir b\u00f6lgede meydana geldi\u011fine dikkat \u00e7eken kaynak; vatanda\u015flar\u0131n i\u015fyerleri ve ara\u00e7lar\u0131nda da b\u00fcy\u00fck hasarlar\u0131n olu\u015ftu\u011funu aktard\u0131.<\/p>\n<p><a href=\"http:\/\/sanasyria.org\/tr\/wp-content\/uploads\/2014\/06\/as-31.jpg\"><img loading=\"lazy\" decoding=\"async\" class=\"aligncenter wp-image-3491 size-full\" src=\"http:\/\/sanasyria.org\/tr\/wp-content\/uploads\/2014\/06\/as-31.jpg\" alt=\"as 3\" width=\"620\" height=\"330\" srcset=\"https:\/\/archive.sana.sy\/tr\/wp-content\/uploads\/2014\/06\/as-31.jpg 620w, https:\/\/archive.sana.sy\/tr\/wp-content\/uploads\/2014\/06\/as-31-150x79.jpg 150w, https:\/\/archive.sana.sy\/tr\/wp-content\/uploads\/2014\/06\/as-31-300x160.jpg 300w\" sizes=\"auto, (max-width: 620px) 100vw, 620px\" \/><\/a><\/p>\n<p><a href=\"http:\/\/sanasyria.org\/tr\/wp-content\/uploads\/2014\/06\/as-22.jpg\"><img loading=\"lazy\" decoding=\"async\" class=\"aligncenter wp-image-3490 size-full\" src=\"http:\/\/sanasyria.org\/tr\/wp-content\/uploads\/2014\/06\/as-22.jpg\" alt=\"as 2\" width=\"620\" height=\"330\" srcset=\"https:\/\/archive.sana.sy\/tr\/wp-content\/uploads\/2014\/06\/as-22.jpg 620w, https:\/\/archive.sana.sy\/tr\/wp-content\/uploads\/2014\/06\/as-22-150x79.jpg 150w, https:\/\/archive.sana.sy\/tr\/wp-content\/uploads\/2014\/06\/as-22-300x160.jpg 300w\" sizes=\"auto, (max-width: 620px) 100vw, 620px\" \/><\/a><\/p>\n","protected":false},"excerpt":{"rendered":"<p>HOMS \u2013 D\u0131\u015f g\u00fc\u00e7lerin patronajl\u0131\u011f\u0131ndaki tekfirci ve hain ter\u00f6r \u00e7eteleri bug\u00fcn ak\u015fam saatlerinde Homs Kentinin Nezha Semtinde bir halk \u00e7ar\u015f\u0131s\u0131nda bombal\u0131 bir arac\u0131 havaya u\u00e7urdu. Homs Valili\u011finde yetkili bir kaynak gaddar bombal\u0131 eylemde aralar\u0131nda \u00e7ocuk ve kad\u0131nlar\u0131n bulundu\u011fu 6 vatanda\u015f\u0131n \u015fehit, 40 vatanda\u015f\u0131n da yaral\u0131 d\u00fc\u015ft\u00fcklerini belirtti. Bombal\u0131 eylemin Nezha, Vadi el Deheb ve Yeni &hellip;<\/p>\n","protected":false},"author":1,"featured_media":3489,"comment_status":"closed","ping_status":"closed","sticky":false,"template":"","format":"standard","meta":{"footnotes":""},"categories":[479,575,478],"tags":[761],"class_list":["post-3488","post","type-post","status-publish","format-standard","has-post-thumbnail","","category-haberler-yerel","category-olaylar-ve-gercekler","category-yerel","tag-halk-carsisinda-bombali-eylem"],"_links":{"self":[{"href":"https:\/\/archive.sana.sy\/tr\/index.php?rest_route=\/wp\/v2\/posts\/3488","targetHints":{"allow":["GET"]}}],"collection":[{"href":"https:\/\/archive.sana.sy\/tr\/index.php?rest_route=\/wp\/v2\/posts"}],"about":[{"href":"https:\/\/archive.sana.sy\/tr\/index.php?rest_route=\/wp\/v2\/types\/post"}],"author":[{"embeddable":true,"href":"https:\/\/archive.sana.sy\/tr\/index.php?rest_route=\/wp\/v2\/users\/1"}],"replies":[{"embeddable":true,"href":"https:\/\/archive.sana.sy\/tr\/index.php?rest_route=%2Fwp%2Fv2%2Fcomments&post=3488"}],"version-history":[{"count":0,"href":"https:\/\/archive.sana.sy\/tr\/index.php?rest_route=\/wp\/v2\/posts\/3488\/revisions"}],"wp:featuredmedia":[{"embeddable":true,"href":"https:\/\/archive.sana.sy\/tr\/index.php?rest_route=\/wp\/v2\/media\/3489"}],"wp:attachment":[{"href":"https:\/\/archive.sana.sy\/tr\/index.php?rest_route=%2Fwp%2Fv2%2Fmedia&parent=3488"}],"wp:term":[{"taxonomy":"category","embeddable":true,"href":"https:\/\/archive.sana.sy\/tr\/index.php?rest_route=%2Fwp%2Fv2%2Fcategories&post=3488"},{"taxonomy":"post_tag","embeddable":true,"href":"https:\/\/archive.sana.sy\/tr\/index.php?rest_route=%2Fwp%2Fv2%2Ftags&post=3488"}],"curies":[{"name":"wp","href":"https:\/\/api.w.org\/{rel}","templated":true}]}}