{"id":34924,"date":"2015-05-27T15:56:00","date_gmt":"2015-05-27T12:56:00","guid":{"rendered":"http:\/\/www.sana.sy\/tr\/?p=34924"},"modified":"2015-05-28T15:59:52","modified_gmt":"2015-05-28T12:59:52","slug":"cumhurbaskani-el-esad-ermenistan-cumhuriyeti-disisleri-bakani-edward-nalbandian-ve-ona-eslik-eden-heyeti-kabul-ediyor","status":"publish","type":"post","link":"https:\/\/archive.sana.sy\/tr\/?p=34924","title":{"rendered":"Cumhurba\u015fkan\u0131 el Esad Ermenistan Cumhuriyeti D\u0131\u015fi\u015fleri Bakan\u0131 Edward Nalbandian ve ona e\u015flik eden heyeti kabul ediyor"},"content":{"rendered":"<p>Cumhurba\u015fkan\u0131 el Esad Ermenistan Cumhuriyeti D\u0131\u015fi\u015fleri Bakan\u0131 Edward Nalbandian ve ona e\u015flik eden heyeti kabul ediyor<\/p>\n<div id='gallery-1' class='gallery galleryid-34924 gallery-columns-2 gallery-size-large'><figure class='gallery-item'>\n\t\t\t<div class='gallery-icon landscape'>\n\t\t\t\t<a href='https:\/\/archive.sana.sy\/tr\/wp-content\/uploads\/2015\/05\/MPA_02612.jpg'><img loading=\"lazy\" decoding=\"async\" width=\"618\" height=\"404\" src=\"https:\/\/archive.sana.sy\/tr\/wp-content\/uploads\/2015\/05\/MPA_02612-1024x669.jpg\" class=\"attachment-large size-large\" alt=\"\" srcset=\"https:\/\/archive.sana.sy\/tr\/wp-content\/uploads\/2015\/05\/MPA_02612-1024x669.jpg 1024w, https:\/\/archive.sana.sy\/tr\/wp-content\/uploads\/2015\/05\/MPA_02612-150x98.jpg 150w, https:\/\/archive.sana.sy\/tr\/wp-content\/uploads\/2015\/05\/MPA_02612-300x196.jpg 300w\" sizes=\"auto, (max-width: 618px) 100vw, 618px\" \/><\/a>\n\t\t\t<\/div><\/figure><figure class='gallery-item'>\n\t\t\t<div class='gallery-icon landscape'>\n\t\t\t\t<a href='https:\/\/archive.sana.sy\/tr\/wp-content\/uploads\/2015\/05\/MPA_02626.jpg'><img loading=\"lazy\" decoding=\"async\" width=\"618\" height=\"228\" src=\"https:\/\/archive.sana.sy\/tr\/wp-content\/uploads\/2015\/05\/MPA_02626-1024x378.jpg\" class=\"attachment-large size-large\" alt=\"\" srcset=\"https:\/\/archive.sana.sy\/tr\/wp-content\/uploads\/2015\/05\/MPA_02626-1024x378.jpg 1024w, https:\/\/archive.sana.sy\/tr\/wp-content\/uploads\/2015\/05\/MPA_02626-150x55.jpg 150w, https:\/\/archive.sana.sy\/tr\/wp-content\/uploads\/2015\/05\/MPA_02626-300x111.jpg 300w\" sizes=\"auto, (max-width: 618px) 100vw, 618px\" \/><\/a>\n\t\t\t<\/div><\/figure><figure class='gallery-item'>\n\t\t\t<div class='gallery-icon landscape'>\n\t\t\t\t<a href='https:\/\/archive.sana.sy\/tr\/wp-content\/uploads\/2015\/05\/MPA_02643.jpg'><img loading=\"lazy\" decoding=\"async\" width=\"618\" height=\"282\" src=\"https:\/\/archive.sana.sy\/tr\/wp-content\/uploads\/2015\/05\/MPA_02643-1024x467.jpg\" class=\"attachment-large size-large\" alt=\"\" srcset=\"https:\/\/archive.sana.sy\/tr\/wp-content\/uploads\/2015\/05\/MPA_02643-1024x467.jpg 1024w, https:\/\/archive.sana.sy\/tr\/wp-content\/uploads\/2015\/05\/MPA_02643-150x68.jpg 150w, https:\/\/archive.sana.sy\/tr\/wp-content\/uploads\/2015\/05\/MPA_02643-300x137.jpg 300w\" sizes=\"auto, (max-width: 618px) 100vw, 618px\" \/><\/a>\n\t\t\t<\/div><\/figure><figure class='gallery-item'>\n\t\t\t<div class='gallery-icon landscape'>\n\t\t\t\t<a href='https:\/\/archive.sana.sy\/tr\/wp-content\/uploads\/2015\/05\/\u0631\u0626\u064a\u0633\u064a\u0629.jpg'><img loading=\"lazy\" decoding=\"async\" width=\"618\" height=\"329\" src=\"https:\/\/archive.sana.sy\/tr\/wp-content\/uploads\/2015\/05\/\u0631\u0626\u064a\u0633\u064a\u0629.jpg\" class=\"attachment-large size-large\" alt=\"\" srcset=\"https:\/\/archive.sana.sy\/tr\/wp-content\/uploads\/2015\/05\/\u0631\u0626\u064a\u0633\u064a\u0629.jpg 620w, https:\/\/archive.sana.sy\/tr\/wp-content\/uploads\/2015\/05\/\u0631\u0626\u064a\u0633\u064a\u0629-150x80.jpg 150w, https:\/\/archive.sana.sy\/tr\/wp-content\/uploads\/2015\/05\/\u0631\u0626\u064a\u0633\u064a\u0629-300x160.jpg 300w\" sizes=\"auto, (max-width: 618px) 100vw, 618px\" \/><\/a>\n\t\t\t<\/div><\/figure>\n\t\t<\/div>\n\n","protected":false},"excerpt":{"rendered":"<p>Cumhurba\u015fkan\u0131 el Esad Ermenistan Cumhuriyeti D\u0131\u015fi\u015fleri Bakan\u0131 Edward Nalbandian ve ona e\u015flik eden heyeti kabul ediyor<\/p>\n","protected":false},"author":1,"featured_media":34925,"comment_status":"closed","ping_status":"closed","sticky":false,"template":"","format":"standard","meta":{"footnotes":""},"categories":[6459],"tags":[14855],"class_list":["post-34924","post","type-post","status-publish","format-standard","has-post-thumbnail","","category-sana-fotolarl","tag-cumhurbaskani-el-esad-ermenistan-cumhuriyeti-disisleri-bakani-edward-nalbandian-ve-ona-eslik-eden-heyeti-kabul-ediyor"],"_links":{"self":[{"href":"https:\/\/archive.sana.sy\/tr\/index.php?rest_route=\/wp\/v2\/posts\/34924","targetHints":{"allow":["GET"]}}],"collection":[{"href":"https:\/\/archive.sana.sy\/tr\/index.php?rest_route=\/wp\/v2\/posts"}],"about":[{"href":"https:\/\/archive.sana.sy\/tr\/index.php?rest_route=\/wp\/v2\/types\/post"}],"author":[{"embeddable":true,"href":"https:\/\/archive.sana.sy\/tr\/index.php?rest_route=\/wp\/v2\/users\/1"}],"replies":[{"embeddable":true,"href":"https:\/\/archive.sana.sy\/tr\/index.php?rest_route=%2Fwp%2Fv2%2Fcomments&post=34924"}],"version-history":[{"count":0,"href":"https:\/\/archive.sana.sy\/tr\/index.php?rest_route=\/wp\/v2\/posts\/34924\/revisions"}],"wp:featuredmedia":[{"embeddable":true,"href":"https:\/\/archive.sana.sy\/tr\/index.php?rest_route=\/wp\/v2\/media\/34925"}],"wp:attachment":[{"href":"https:\/\/archive.sana.sy\/tr\/index.php?rest_route=%2Fwp%2Fv2%2Fmedia&parent=34924"}],"wp:term":[{"taxonomy":"category","embeddable":true,"href":"https:\/\/archive.sana.sy\/tr\/index.php?rest_route=%2Fwp%2Fv2%2Fcategories&post=34924"},{"taxonomy":"post_tag","embeddable":true,"href":"https:\/\/archive.sana.sy\/tr\/index.php?rest_route=%2Fwp%2Fv2%2Ftags&post=34924"}],"curies":[{"name":"wp","href":"https:\/\/api.w.org\/{rel}","templated":true}]}}