{"id":3493,"date":"2014-06-20T14:00:13","date_gmt":"2014-06-20T11:00:13","guid":{"rendered":"http:\/\/sanasyria.org\/tr\/?p=3493"},"modified":"2014-07-09T15:59:43","modified_gmt":"2014-07-09T12:59:43","slug":"gurbetcilerimiz-erdoganin-ziyaretini-protesto-etme-ziyaretine-katildi","status":"publish","type":"post","link":"https:\/\/archive.sana.sy\/tr\/?p=3493","title":{"rendered":"Gurbet\u00e7ilerimiz Erdo\u011fan\u2019\u0131n Ziyaretini Protesto Etme G\u00f6sterisine Kat\u0131ld\u0131"},"content":{"rendered":"<p>V\u0130YANA \u2013 Avusturya ve Slovakya\u2019da ya\u015fayan yurtta\u015flar\u0131m\u0131z bug\u00fcn, T\u00fcrkiye&#8217;de AKP h\u00fck\u00fcmeti ba\u015fkan\u0131 Recep Tayyip Erdo\u011fan\u2019\u0131n ziyaretini protesto etmek amac\u0131yla Arap, T\u00fcrk ve yabanc\u0131 binlerce vatanda\u015f\u0131n kat\u0131l\u0131m\u0131yla Avusturya\u2019n\u0131n ba\u015fkenti Viyana\u2019da d\u00fczenlenen g\u00f6steriye kat\u0131ld\u0131lar.<\/p>\n<p>Avusturyal\u0131 hukuksal ve insani \u00f6rg\u00fctlerin yan\u0131 s\u0131ra T\u00fcrk sol partilerin kat\u0131ld\u0131\u011f\u0131 g\u00f6steride kat\u0131l\u0131mc\u0131lar Erdo\u011fan ve h\u00fck\u00fcmetinin Suriye ve halk\u0131na y\u00f6nelik d\u00fc\u015fmanc\u0131, \u00e7okuluslu tekfirci ve hain ter\u00f6r \u00e7etelerini destekleyen politikalar\u0131n\u0131 \u015fiddetle k\u0131nad\u0131lar.<\/p>\n<p>G\u00f6steriye kat\u0131lanlar ayn\u0131 zamanda Erdo\u011fan ve h\u00fck\u00fcmetinin T\u00fcrkiye&#8217;de sivil vatanda\u015flara kar\u015f\u0131 g\u00fc\u00e7 kullanma, bask\u0131 ve dayatma politikalar\u0131n\u0131 k\u0131nad\u0131lar.<\/p>\n<p>G\u00f6steride yurtta\u015flar\u0131m\u0131zla birlikte T\u00fcrk ve yabanc\u0131 kat\u0131l\u0131mc\u0131lar Suriye bayraklar\u0131 ve Cumhurba\u015fkan\u0131 Be\u015f\u015far el Esad\u2019\u0131n foto\u011fraflar\u0131n\u0131 ta\u015f\u0131d\u0131lar.<\/p>\n","protected":false},"excerpt":{"rendered":"<p>V\u0130YANA \u2013 Avusturya ve Slovakya\u2019da ya\u015fayan yurtta\u015flar\u0131m\u0131z bug\u00fcn, T\u00fcrkiye&#8217;de AKP h\u00fck\u00fcmeti ba\u015fkan\u0131 Recep Tayyip Erdo\u011fan\u2019\u0131n ziyaretini protesto etmek amac\u0131yla Arap, T\u00fcrk ve yabanc\u0131 binlerce vatanda\u015f\u0131n kat\u0131l\u0131m\u0131yla Avusturya\u2019n\u0131n ba\u015fkenti Viyana\u2019da d\u00fczenlenen g\u00f6steriye kat\u0131ld\u0131lar. Avusturyal\u0131 hukuksal ve insani \u00f6rg\u00fctlerin yan\u0131 s\u0131ra T\u00fcrk sol partilerin kat\u0131ld\u0131\u011f\u0131 g\u00f6steride kat\u0131l\u0131mc\u0131lar Erdo\u011fan ve h\u00fck\u00fcmetinin Suriye ve halk\u0131na y\u00f6nelik d\u00fc\u015fmanc\u0131, \u00e7okuluslu tekfirci &hellip;<\/p>\n","protected":false},"author":1,"featured_media":3494,"comment_status":"closed","ping_status":"closed","sticky":false,"template":"","format":"standard","meta":{"footnotes":""},"categories":[458,459],"tags":[1082,762],"class_list":["post-3493","post","type-post","status-publish","format-standard","has-post-thumbnail","","category-dunya1","category-haberler-arap-uluslararasi-politika","tag-gurbetcilerimiz-erdoganin-ziyaretini-protesto-etme-gosterisine-katildi","tag-gurbetcilerimiz-erdoganin-ziyaretini-protesto-etme-ziyaretine-katildi"],"_links":{"self":[{"href":"https:\/\/archive.sana.sy\/tr\/index.php?rest_route=\/wp\/v2\/posts\/3493","targetHints":{"allow":["GET"]}}],"collection":[{"href":"https:\/\/archive.sana.sy\/tr\/index.php?rest_route=\/wp\/v2\/posts"}],"about":[{"href":"https:\/\/archive.sana.sy\/tr\/index.php?rest_route=\/wp\/v2\/types\/post"}],"author":[{"embeddable":true,"href":"https:\/\/archive.sana.sy\/tr\/index.php?rest_route=\/wp\/v2\/users\/1"}],"replies":[{"embeddable":true,"href":"https:\/\/archive.sana.sy\/tr\/index.php?rest_route=%2Fwp%2Fv2%2Fcomments&post=3493"}],"version-history":[{"count":0,"href":"https:\/\/archive.sana.sy\/tr\/index.php?rest_route=\/wp\/v2\/posts\/3493\/revisions"}],"wp:featuredmedia":[{"embeddable":true,"href":"https:\/\/archive.sana.sy\/tr\/index.php?rest_route=\/wp\/v2\/media\/3494"}],"wp:attachment":[{"href":"https:\/\/archive.sana.sy\/tr\/index.php?rest_route=%2Fwp%2Fv2%2Fmedia&parent=3493"}],"wp:term":[{"taxonomy":"category","embeddable":true,"href":"https:\/\/archive.sana.sy\/tr\/index.php?rest_route=%2Fwp%2Fv2%2Fcategories&post=3493"},{"taxonomy":"post_tag","embeddable":true,"href":"https:\/\/archive.sana.sy\/tr\/index.php?rest_route=%2Fwp%2Fv2%2Ftags&post=3493"}],"curies":[{"name":"wp","href":"https:\/\/api.w.org\/{rel}","templated":true}]}}