{"id":3498,"date":"2014-06-20T14:13:36","date_gmt":"2014-06-20T11:13:36","guid":{"rendered":"http:\/\/sanasyria.org\/tr\/?p=3498"},"modified":"2014-06-20T14:13:36","modified_gmt":"2014-06-20T11:13:36","slug":"havs-el-arap-ve-assal-el-verd-sakinlerinin-topraklarina-donusleri-suruyor","status":"publish","type":"post","link":"https:\/\/archive.sana.sy\/tr\/?p=3498","title":{"rendered":"Hav\u015f el Arap ve Assal el Verd Sakinlerinin Topraklar\u0131na D\u00f6n\u00fc\u015fleri S\u00fcr\u00fcyor"},"content":{"rendered":"<p>\u015eAM KIRSALI \u2013 Kahraman ordu birliklerimizin ge\u00e7ti\u011fimiz g\u00fcnlerde b\u00fct\u00fcn ter\u00f6ristleri temizledikten sonra g\u00fcvenli b\u00f6lge olarak ilan ettikleri Hav\u015f el Arap ve Assal el Verd beldeleri sakinleri topraklar\u0131na ve evlerine d\u00f6nmeye devam ediyorlar.<\/p>\n<p>Silahl\u0131 ter\u00f6r gruplar\u0131n\u0131n zulm\u00fc ve tehditleri sonucu L\u00fcbnan topraklar\u0131ndaki Tufeyl Beldesine ka\u00e7mak zorunda kalan yakla\u015f\u0131k 100 ki\u015fiden olu\u015fan 10 aile d\u00fcn anavatanlar\u0131ndaki evlerine ve topraklar\u0131na kavu\u015fman\u0131n mutlulu\u011funu ya\u015fad\u0131lar.<\/p>\n<p>Bilinece\u011fi \u00fczere son birka\u00e7 g\u00fcnd\u00fcr Hav\u015f el Arap ve Assal el Verd beldeleri sakinleri kahraman birliklerimizin korumas\u0131 ve refakatiyle evlerine d\u00f6nmeye devam ediyorlar.<\/p>\n","protected":false},"excerpt":{"rendered":"<p>\u015eAM KIRSALI \u2013 Kahraman ordu birliklerimizin ge\u00e7ti\u011fimiz g\u00fcnlerde b\u00fct\u00fcn ter\u00f6ristleri temizledikten sonra g\u00fcvenli b\u00f6lge olarak ilan ettikleri Hav\u015f el Arap ve Assal el Verd beldeleri sakinleri topraklar\u0131na ve evlerine d\u00f6nmeye devam ediyorlar. Silahl\u0131 ter\u00f6r gruplar\u0131n\u0131n zulm\u00fc ve tehditleri sonucu L\u00fcbnan topraklar\u0131ndaki Tufeyl Beldesine ka\u00e7mak zorunda kalan yakla\u015f\u0131k 100 ki\u015fiden olu\u015fan 10 aile d\u00fcn anavatanlar\u0131ndaki evlerine &hellip;<\/p>\n","protected":false},"author":1,"featured_media":3499,"comment_status":"closed","ping_status":"closed","sticky":false,"template":"","format":"standard","meta":{"footnotes":""},"categories":[479,575,478],"tags":[763],"class_list":["post-3498","post","type-post","status-publish","format-standard","has-post-thumbnail","","category-haberler-yerel","category-olaylar-ve-gercekler","category-yerel","tag-havs-el-arap-ve-assal-el-verd-sakinlerinin-topraklarina-donusleri-suruyor"],"_links":{"self":[{"href":"https:\/\/archive.sana.sy\/tr\/index.php?rest_route=\/wp\/v2\/posts\/3498","targetHints":{"allow":["GET"]}}],"collection":[{"href":"https:\/\/archive.sana.sy\/tr\/index.php?rest_route=\/wp\/v2\/posts"}],"about":[{"href":"https:\/\/archive.sana.sy\/tr\/index.php?rest_route=\/wp\/v2\/types\/post"}],"author":[{"embeddable":true,"href":"https:\/\/archive.sana.sy\/tr\/index.php?rest_route=\/wp\/v2\/users\/1"}],"replies":[{"embeddable":true,"href":"https:\/\/archive.sana.sy\/tr\/index.php?rest_route=%2Fwp%2Fv2%2Fcomments&post=3498"}],"version-history":[{"count":0,"href":"https:\/\/archive.sana.sy\/tr\/index.php?rest_route=\/wp\/v2\/posts\/3498\/revisions"}],"wp:featuredmedia":[{"embeddable":true,"href":"https:\/\/archive.sana.sy\/tr\/index.php?rest_route=\/wp\/v2\/media\/3499"}],"wp:attachment":[{"href":"https:\/\/archive.sana.sy\/tr\/index.php?rest_route=%2Fwp%2Fv2%2Fmedia&parent=3498"}],"wp:term":[{"taxonomy":"category","embeddable":true,"href":"https:\/\/archive.sana.sy\/tr\/index.php?rest_route=%2Fwp%2Fv2%2Fcategories&post=3498"},{"taxonomy":"post_tag","embeddable":true,"href":"https:\/\/archive.sana.sy\/tr\/index.php?rest_route=%2Fwp%2Fv2%2Ftags&post=3498"}],"curies":[{"name":"wp","href":"https:\/\/api.w.org\/{rel}","templated":true}]}}