{"id":34981,"date":"2015-05-29T18:10:31","date_gmt":"2015-05-29T15:10:31","guid":{"rendered":"http:\/\/www.sana.sy\/tr\/?p=34981"},"modified":"2015-05-30T13:28:05","modified_gmt":"2015-05-30T10:28:05","slug":"muhtelif-bolgelerde-operasyonlar-devam-ediyor","status":"publish","type":"post","link":"https:\/\/archive.sana.sy\/tr\/?p=34981","title":{"rendered":"Muhtelif B\u00f6lgelerde Operasyonlar Devam Ediyor"},"content":{"rendered":"<p>\u0130LLER \u2013 Vatan koruyucular\u0131 ordu birliklerimiz tekfirci ve hain ter\u00f6ristlere y\u00f6nelik bug\u00fcn operasyonlar\u0131n\u0131 s\u00fcrd\u00fcrerek onlar\u0131 say\u0131 ve te\u00e7hizatlar\u0131yla a\u011f\u0131r kay\u0131plara devam etti.<\/p>\n<p><span style=\"color: #0000ff\">\u015eAM KIRSALI:<\/span><\/p>\n<p>Askeri kaynak ordu birliklerimizin \u015eam k\u0131rsal\u0131n\u0131n g\u00fcneybat\u0131s\u0131 Han el \u015eiyh B\u00f6lgesinde Kaide \u00d6rg\u00fct\u00fcn\u00fcn Suriye kolu olan Nusra Cephesine tabi bir ter\u00f6r grubunun t\u00fcm \u00fcyelerini \u00f6l\u00fc yaral\u0131 ele ge\u00e7irdiklerini belirtti.<\/p>\n<p>Soru\u015fturma ve takip sonucunda ger\u00e7ekle\u015ftirilen operasyonda bir k\u0131sm\u0131 a\u011f\u0131r silahlarla donat\u0131lm\u0131\u015f bir\u00e7ok arac\u0131n da imha edildi\u011fini belirten kaynak; vatan koruyucular\u0131m\u0131z\u0131n b\u00f6lgede \u0130srail ve \u00dcrd\u00fcn taraf\u0131ndan desteklenen tekfirci ve hain ter\u00f6ristlere kar\u015f\u0131 operasyonlar\u0131n\u0131 s\u00fcrd\u00fcrd\u00fcklerini s\u00f6yledi.<\/p>\n<p><span style=\"color: #0000ff\">S\u00dcVEYDA:<\/span><\/p>\n<p>Suriye Badiyesinin S\u00fcveyda k\u0131rsal\u0131 kenarlar\u0131nda Suriye d\u00fc\u015fmanlar\u0131 devletler taraf\u0131ndan desteklenen ter\u00f6ristlere kar\u015f\u0131 operasyonlar\u0131n\u0131 s\u00fcrd\u00fcren ordu birliklerimiz \u00e7etelerin bir\u00e7ok mevkilerini muhtevalar\u0131yla imha etti.<\/p>\n<p>Askeri bir kaynak S\u00fcveyda k\u0131rsal\u0131n\u0131n kuzeydo\u011fusu Tel el B\u00fcseyna\u2019n\u0131n do\u011fusunda I\u015e\u0130D \u00e7eteleriyle \u00e7at\u0131\u015fmalara girdiklerini aktard\u0131. \u00c7at\u0131\u015fmalar\u0131n onlarca tekfircinin \u00f6l\u00fc yaral\u0131 d\u00fc\u015fmesi ve geriye kalanlar\u0131n Badiye\u2019nin derinliklerine ka\u00e7malar\u0131yla sonu\u00e7land\u0131\u011f\u0131n\u0131 belirten kaynak; ayn\u0131 zamanda bir k\u0131sm\u0131 a\u011f\u0131r makineli silahlarla donat\u0131lm\u0131\u015f bir\u00e7ok arac\u0131n ta\u015f\u0131d\u0131\u011f\u0131 ter\u00f6rist ve cephaneyle birlikte imha edildi\u011fini s\u00f6zlerine ekledi.<\/p>\n<p>Kaynak ordu birliklerimizin Suriye Badiyesinin geni\u015f alanlar\u0131nda \u00dcrd\u00fcn ile Irak s\u0131n\u0131rlar\u0131 aras\u0131nda uzanan ter\u00f6ristlerin ikmal ve destek hatlar\u0131n\u0131 kesmeye \u00e7al\u0131\u015ft\u0131klar\u0131n\u0131 s\u00f6zlerine ekledi.<\/p>\n<p><span style=\"color: #0000ff\">DERA:<\/span><\/p>\n<p>Dera k\u0131rsal\u0131nda ise askeri kaynak \u0130srail ve \u00dcrd\u00fcn destekli Nusra Cephesi ve m\u00fcttefikleri ter\u00f6r \u00e7etelerine y\u00f6nelik operasyonlar kapsam\u0131nda Dera Beled B\u00f6lgesinde bir\u00e7ok ter\u00f6ristin ekipmanlar\u0131yla birlikte etkisizle\u015ftirildi\u011fini aktard\u0131.<\/p>\n<p>Dera kentinin 4 km do\u011fusuna d\u00fc\u015fen Nuayme Beldesi ve Dera \u2013 Tafas yolu \u00fczerinde ter\u00f6r ara\u00e7lar\u0131 ve mevkilerinin ba\u015far\u0131yla imha edildi\u011fini belirten kaynak; buralarda da bir k\u0131sm\u0131 a\u011f\u0131r silahlarla donat\u0131lm\u0131\u015f bir\u00e7ok ara\u00e7la birlikte \u00e7ok say\u0131da ter\u00f6ristin imha edildi\u011fini s\u00f6yledi.<\/p>\n<p>G\u00fcn\u00fcn ilerleyen saatlerinde a\u00e7\u0131klama yapan askeri kaynak Dera Beled\u2019in Abbasiler Semtinde Nusra Cephesi tekfircilerine ait bir ara\u00e7 konvoyunun ta\u015f\u0131d\u0131\u011f\u0131 ter\u00f6ristlerle birlikte imha edildi\u011fini belirtti.<\/p>\n<p>Kaynak Dera Mahatta B\u00f6lgesinde de bir arac\u0131 hedef alan ordu birliklerimizin i\u00e7inde bulunan bir ter\u00f6r grubunun t\u00fcm \u00fcyelerini \u00f6ld\u00fcrd\u00fcklerini aktard\u0131.<\/p>\n<p><span style=\"color: #0000ff\">DEYREZZOR:<\/span><\/p>\n<p>Bu arada Deyrezzor\u2019da askeri kaynak ordu birliklerimizin Deyrezzor Kentinin Cbeyle, Hmeydiye, Huveyka ve Urfi semtlerine ek olarak Serda Da\u011f\u0131, Mureyiye, Cafra ve Huveycet Sak\u0131r b\u00f6lgelerinde I\u015e\u0130D tekfircilerini say\u0131 ve te\u00e7hizatlar\u0131yla b\u00fcy\u00fck kay\u0131plara u\u011fratt\u0131klar\u0131n\u0131 belirtti.<\/p>\n<p>Operasyonlarda I\u015e\u0130D \u00e7etelerine ait a\u011f\u0131r silahlarla donat\u0131lm\u0131\u015f bir\u00e7ok arac\u0131n yan\u0131 s\u0131ra f\u00fcze bataryalar\u0131 ve top rampalar\u0131n\u0131n imha edildi\u011fini s\u00f6yleyen kaynak; bir\u00e7o\u011fu yabanc\u0131 olan onlarca tekfircinin de \u00f6ld\u00fcr\u00fcld\u00fc\u011f\u00fcn\u00fc aktard\u0131.<\/p>\n<p>A.A.<\/p>\n","protected":false},"excerpt":{"rendered":"<p>\u0130LLER \u2013 Vatan koruyucular\u0131 ordu birliklerimiz tekfirci ve hain ter\u00f6ristlere y\u00f6nelik bug\u00fcn operasyonlar\u0131n\u0131 s\u00fcrd\u00fcrerek onlar\u0131 say\u0131 ve te\u00e7hizatlar\u0131yla a\u011f\u0131r kay\u0131plara devam etti. \u015eAM KIRSALI: Askeri kaynak ordu birliklerimizin \u015eam k\u0131rsal\u0131n\u0131n g\u00fcneybat\u0131s\u0131 Han el \u015eiyh B\u00f6lgesinde Kaide \u00d6rg\u00fct\u00fcn\u00fcn Suriye kolu olan Nusra Cephesine tabi bir ter\u00f6r grubunun t\u00fcm \u00fcyelerini \u00f6l\u00fc yaral\u0131 ele ge\u00e7irdiklerini belirtti. Soru\u015fturma ve &hellip;<\/p>\n","protected":false},"author":1,"featured_media":31488,"comment_status":"closed","ping_status":"closed","sticky":false,"template":"","format":"standard","meta":{"footnotes":""},"categories":[575],"tags":[14863],"class_list":["post-34981","post","type-post","status-publish","format-standard","has-post-thumbnail","","category-olaylar-ve-gercekler","tag-iller-vatan-koruyuculari-ordu-birliklerimiz-tekfirci-ve-hain-teroristlere-yonelik-bugun-operasyonlarini-surdurerek-onlari-sayi-ve-techizatlariyla-agir-kayiplara-devam-etti"],"_links":{"self":[{"href":"https:\/\/archive.sana.sy\/tr\/index.php?rest_route=\/wp\/v2\/posts\/34981","targetHints":{"allow":["GET"]}}],"collection":[{"href":"https:\/\/archive.sana.sy\/tr\/index.php?rest_route=\/wp\/v2\/posts"}],"about":[{"href":"https:\/\/archive.sana.sy\/tr\/index.php?rest_route=\/wp\/v2\/types\/post"}],"author":[{"embeddable":true,"href":"https:\/\/archive.sana.sy\/tr\/index.php?rest_route=\/wp\/v2\/users\/1"}],"replies":[{"embeddable":true,"href":"https:\/\/archive.sana.sy\/tr\/index.php?rest_route=%2Fwp%2Fv2%2Fcomments&post=34981"}],"version-history":[{"count":0,"href":"https:\/\/archive.sana.sy\/tr\/index.php?rest_route=\/wp\/v2\/posts\/34981\/revisions"}],"wp:featuredmedia":[{"embeddable":true,"href":"https:\/\/archive.sana.sy\/tr\/index.php?rest_route=\/wp\/v2\/media\/31488"}],"wp:attachment":[{"href":"https:\/\/archive.sana.sy\/tr\/index.php?rest_route=%2Fwp%2Fv2%2Fmedia&parent=34981"}],"wp:term":[{"taxonomy":"category","embeddable":true,"href":"https:\/\/archive.sana.sy\/tr\/index.php?rest_route=%2Fwp%2Fv2%2Fcategories&post=34981"},{"taxonomy":"post_tag","embeddable":true,"href":"https:\/\/archive.sana.sy\/tr\/index.php?rest_route=%2Fwp%2Fv2%2Ftags&post=34981"}],"curies":[{"name":"wp","href":"https:\/\/api.w.org\/{rel}","templated":true}]}}