{"id":3501,"date":"2014-06-20T14:18:34","date_gmt":"2014-06-20T11:18:34","guid":{"rendered":"http:\/\/sanasyria.org\/tr\/?p=3501"},"modified":"2014-06-22T16:38:57","modified_gmt":"2014-06-22T13:38:57","slug":"caferi-israilin-somurgecilige-karsi-bir-komisyonda-yer-alma-ehliyetine-sahip-degildir","status":"publish","type":"post","link":"https:\/\/archive.sana.sy\/tr\/?p=3501","title":{"rendered":"Caferi: \u0130srail\u2019in S\u00f6m\u00fcrgecili\u011fe Kar\u015f\u0131 Bir Komisyonda Yer Alma Ehliyetine Sahip De\u011fildir"},"content":{"rendered":"<p>NEW YORK \u2013 Suriye\u2019nin BM Daimi Temsilcisi Be\u015f\u015far el Caferi; Suriye\u2019nin, \u00d6zel Siyasi Sorunlar ve S\u00f6m\u00fcrgecili\u011fin Sonland\u0131r\u0131lmas\u0131 Komisyonu y\u00f6netim kurulu adaylar\u0131ndan birinin \u0130srail olmas\u0131na, \u015fiddetle itiraz etti\u011fini dile getirdi.<\/p>\n<p>\u00d6zel Siyasi Meseleler ve S\u00f6m\u00fcrgecili\u011fi Sonland\u0131rma Komisyonunun Y\u00f6netim Kurulu \u00dcyelerini belirlemek \u00fczere d\u00fczenledi\u011fi toplant\u0131da konuyla ilgili bir beyan okuyan Caferi; Bat\u0131 Avrupa Grubu, ABD, \u0130srail, Kanada, Avustralya ve Yeni Zelanda\u2019n\u0131n Y\u00f6netim Kurulu \u00dcyeli\u011fine bir \u0130srailliyi aday g\u00f6stermelerine, Suriye\u2019nin \u015fiddetle itiraz etti\u011fini dile getirdi.<\/p>\n<p>\u0130\u015fgal sonucu olu\u015fturulmu\u015f \u0130srail Y\u00f6netiminin i\u015fgali kati bir \u015fekilde reddeden bir komisyonda yer alma ehliyetinin bulunmad\u0131\u011f\u0131n\u0131n alt\u0131n\u0131 \u00e7izen Caferi; Siyasi Meseleler ve S\u00f6m\u00fcr\u00fcy\u00fc Sonland\u0131rma Komisyonunun \u00f6z\u00fc itibariyle \u0130srail\u2019in Arap topraklar\u0131n\u0131 i\u015fgal etmesini ve i\u015fgal s\u0131n\u0131rlar\u0131 i\u00e7erisinde ya\u015famak zorunda kalan Arap vatanda\u015flara yap\u0131lan keyfi bask\u0131 ve uygulamalar\u0131n t\u00fcm\u00fcn\u00fc reddetti\u011fini vurgulad\u0131.<\/p>\n<p>Yap\u0131lan oylama sonu\u00e7lar\u0131n\u0131n \u0130srail\u2019in b\u00f6yle bir mevkide bulunma ehliyetinin olmad\u0131\u011f\u0131n\u0131 ortaya koydu\u011funa dikkat \u00e7eken Caferi; \u0130srail ve ona ba\u011fl\u0131 grubun, komisyonun se\u00e7im ilkelerindeki bo\u015fluklardan faydalanmaya \u00e7al\u0131\u015ft\u0131\u011f\u0131n\u0131 ancak komisyon kapsam\u0131nda yer alan 34 heyetin bu ko\u015fullarda se\u00e7imlere kat\u0131lmay\u0131 reddetti\u011fini belirtti.<\/p>\n<p>Se\u00e7imlere kat\u0131lmay\u0131 reddetmeyen heyetlerle yap\u0131lan se\u00e7imlerde \u0130srailli aday\u0131n b\u00fcy\u00fck bir farkla se\u00e7imleri kaybetti\u011finin alt\u0131n\u0131 \u00e7izen Caferi; \u0130srail\u2019in se\u00e7imlere kat\u0131lma ve y\u00f6netim kurulu \u00fcyeli\u011fine aday olmas\u0131ndaki tek amac\u0131n komisyonun \u00e7al\u0131\u015fmalar\u0131n\u0131n i\u00e7eri\u011fini bo\u015faltmak ve bu alandaki faaliyetleri zorla\u015ft\u0131rmak oldu\u011funu vurgulad\u0131.<\/p>\n","protected":false},"excerpt":{"rendered":"<p>NEW YORK \u2013 Suriye\u2019nin BM Daimi Temsilcisi Be\u015f\u015far el Caferi; Suriye\u2019nin, \u00d6zel Siyasi Sorunlar ve S\u00f6m\u00fcrgecili\u011fin Sonland\u0131r\u0131lmas\u0131 Komisyonu y\u00f6netim kurulu adaylar\u0131ndan birinin \u0130srail olmas\u0131na, \u015fiddetle itiraz etti\u011fini dile getirdi. \u00d6zel Siyasi Meseleler ve S\u00f6m\u00fcrgecili\u011fi Sonland\u0131rma Komisyonunun Y\u00f6netim Kurulu \u00dcyelerini belirlemek \u00fczere d\u00fczenledi\u011fi toplant\u0131da konuyla ilgili bir beyan okuyan Caferi; Bat\u0131 Avrupa Grubu, ABD, \u0130srail, Kanada, &hellip;<\/p>\n","protected":false},"author":1,"featured_media":3502,"comment_status":"closed","ping_status":"closed","sticky":false,"template":"","format":"standard","meta":{"footnotes":""},"categories":[458,459,447],"tags":[764],"class_list":["post-3501","post","type-post","status-publish","format-standard","has-post-thumbnail","","category-dunya1","category-haberler-arap-uluslararasi-politika","category-politika","tag-caferi-israilin-somurgecilige-karsi-bir-komisyonda-yer-alma-ehliyetine-sahip-degildir"],"_links":{"self":[{"href":"https:\/\/archive.sana.sy\/tr\/index.php?rest_route=\/wp\/v2\/posts\/3501","targetHints":{"allow":["GET"]}}],"collection":[{"href":"https:\/\/archive.sana.sy\/tr\/index.php?rest_route=\/wp\/v2\/posts"}],"about":[{"href":"https:\/\/archive.sana.sy\/tr\/index.php?rest_route=\/wp\/v2\/types\/post"}],"author":[{"embeddable":true,"href":"https:\/\/archive.sana.sy\/tr\/index.php?rest_route=\/wp\/v2\/users\/1"}],"replies":[{"embeddable":true,"href":"https:\/\/archive.sana.sy\/tr\/index.php?rest_route=%2Fwp%2Fv2%2Fcomments&post=3501"}],"version-history":[{"count":0,"href":"https:\/\/archive.sana.sy\/tr\/index.php?rest_route=\/wp\/v2\/posts\/3501\/revisions"}],"wp:featuredmedia":[{"embeddable":true,"href":"https:\/\/archive.sana.sy\/tr\/index.php?rest_route=\/wp\/v2\/media\/3502"}],"wp:attachment":[{"href":"https:\/\/archive.sana.sy\/tr\/index.php?rest_route=%2Fwp%2Fv2%2Fmedia&parent=3501"}],"wp:term":[{"taxonomy":"category","embeddable":true,"href":"https:\/\/archive.sana.sy\/tr\/index.php?rest_route=%2Fwp%2Fv2%2Fcategories&post=3501"},{"taxonomy":"post_tag","embeddable":true,"href":"https:\/\/archive.sana.sy\/tr\/index.php?rest_route=%2Fwp%2Fv2%2Ftags&post=3501"}],"curies":[{"name":"wp","href":"https:\/\/api.w.org\/{rel}","templated":true}]}}