{"id":3504,"date":"2014-06-20T14:25:41","date_gmt":"2014-06-20T11:25:41","guid":{"rendered":"http:\/\/sanasyria.org\/tr\/?p=3504"},"modified":"2014-06-20T14:25:41","modified_gmt":"2014-06-20T11:25:41","slug":"urfali-mubarek-ramazan-ayinda-fiyatlarin-yukselmesi-kabul-edilemez","status":"publish","type":"post","link":"https:\/\/archive.sana.sy\/tr\/?p=3504","title":{"rendered":"Urfal\u0131: M\u00fcbarek Ramazan Ay\u0131nda Fiyatlar\u0131n Y\u00fckselmesi Kabul Edilemez"},"content":{"rendered":"<p>HALEP \u2013 Ekonomi ve D\u0131\u015f Ticaret Bakan\u0131 H\u0131d\u0131r Urfal\u0131; Lazkiye ve Tartus limanlar\u0131na b\u00fcy\u00fck miktarda g\u0131da ve farkl\u0131 t\u00fcketim malzemelerinin ula\u015ft\u0131\u011f\u0131n\u0131 ifade ederek en yak\u0131n zamanda vatanda\u015flar\u0131n ihtiya\u00e7lar\u0131n\u0131 kar\u015f\u0131layacak \u015fekilde piyasaya s\u00fcr\u00fclece\u011fini belirtti.<\/p>\n<p>Halep\u2019te ekonomi ve toplumsal temsilcilerle d\u00fcn bir araya gelen Urfal\u0131; devletin vatanda\u015flara kar\u015f\u0131 g\u00f6rev ve sorumluluklar\u0131ndan hi\u00e7bir \u015fekilde vazge\u00e7medi\u011fine i\u015faret ederek Lazkiye ve Tartus limanlar\u0131na ula\u015fan g\u0131da ve t\u00fcketim malzemelerinin b\u00fcy\u00fck oranda vatanda\u015flar\u0131n ihtiya\u00e7lar\u0131n\u0131 kar\u015f\u0131lanabilece\u011fini belirtti.<\/p>\n<p>Devletin vatanda\u015flar\u0131n ihtiya\u00e7lar\u0131n\u0131 kar\u015f\u0131lama \u00e7aba ve \u00e7al\u0131\u015fmalar\u0131n\u0131 s\u00fcrd\u00fcrece\u011finin alt\u0131n\u0131 \u00e7izen Urfal\u0131; m\u00fcbarek ramazan ay\u0131nda g\u0131da ve t\u00fcketim malzemelerinin fiyatlar\u0131n\u0131n y\u00fckselmesinin kabul edilemeyece\u011fini vurgulad\u0131.<\/p>\n<p><a href=\"http:\/\/sanasyria.org\/tr\/wp-content\/uploads\/2014\/06\/Urfal\u0131-2.jpg\"><img loading=\"lazy\" decoding=\"async\" class=\"aligncenter wp-image-3506 size-full\" src=\"http:\/\/sanasyria.org\/tr\/wp-content\/uploads\/2014\/06\/Urfal\u0131-2.jpg\" alt=\"Urfal\u0131 2\" width=\"620\" height=\"330\" srcset=\"https:\/\/archive.sana.sy\/tr\/wp-content\/uploads\/2014\/06\/Urfal\u0131-2.jpg 620w, https:\/\/archive.sana.sy\/tr\/wp-content\/uploads\/2014\/06\/Urfal\u0131-2-150x79.jpg 150w, https:\/\/archive.sana.sy\/tr\/wp-content\/uploads\/2014\/06\/Urfal\u0131-2-300x160.jpg 300w\" sizes=\"auto, (max-width: 620px) 100vw, 620px\" \/><\/a><\/p>\n","protected":false},"excerpt":{"rendered":"<p>HALEP \u2013 Ekonomi ve D\u0131\u015f Ticaret Bakan\u0131 H\u0131d\u0131r Urfal\u0131; Lazkiye ve Tartus limanlar\u0131na b\u00fcy\u00fck miktarda g\u0131da ve farkl\u0131 t\u00fcketim malzemelerinin ula\u015ft\u0131\u011f\u0131n\u0131 ifade ederek en yak\u0131n zamanda vatanda\u015flar\u0131n ihtiya\u00e7lar\u0131n\u0131 kar\u015f\u0131layacak \u015fekilde piyasaya s\u00fcr\u00fclece\u011fini belirtti. Halep\u2019te ekonomi ve toplumsal temsilcilerle d\u00fcn bir araya gelen Urfal\u0131; devletin vatanda\u015flara kar\u015f\u0131 g\u00f6rev ve sorumluluklar\u0131ndan hi\u00e7bir \u015fekilde vazge\u00e7medi\u011fine i\u015faret ederek Lazkiye &hellip;<\/p>\n","protected":false},"author":1,"featured_media":3505,"comment_status":"closed","ping_status":"closed","sticky":false,"template":"","format":"standard","meta":{"footnotes":""},"categories":[485,486],"tags":[765],"class_list":["post-3504","post","type-post","status-publish","format-standard","has-post-thumbnail","","category-is-ve-sermaye","category-haberler-is-ve-sermaye","tag-urfali-mubarek-ramazan-ayinda-fiyatlarin-yukselmesi-kabul-edilemez"],"_links":{"self":[{"href":"https:\/\/archive.sana.sy\/tr\/index.php?rest_route=\/wp\/v2\/posts\/3504","targetHints":{"allow":["GET"]}}],"collection":[{"href":"https:\/\/archive.sana.sy\/tr\/index.php?rest_route=\/wp\/v2\/posts"}],"about":[{"href":"https:\/\/archive.sana.sy\/tr\/index.php?rest_route=\/wp\/v2\/types\/post"}],"author":[{"embeddable":true,"href":"https:\/\/archive.sana.sy\/tr\/index.php?rest_route=\/wp\/v2\/users\/1"}],"replies":[{"embeddable":true,"href":"https:\/\/archive.sana.sy\/tr\/index.php?rest_route=%2Fwp%2Fv2%2Fcomments&post=3504"}],"version-history":[{"count":0,"href":"https:\/\/archive.sana.sy\/tr\/index.php?rest_route=\/wp\/v2\/posts\/3504\/revisions"}],"wp:featuredmedia":[{"embeddable":true,"href":"https:\/\/archive.sana.sy\/tr\/index.php?rest_route=\/wp\/v2\/media\/3505"}],"wp:attachment":[{"href":"https:\/\/archive.sana.sy\/tr\/index.php?rest_route=%2Fwp%2Fv2%2Fmedia&parent=3504"}],"wp:term":[{"taxonomy":"category","embeddable":true,"href":"https:\/\/archive.sana.sy\/tr\/index.php?rest_route=%2Fwp%2Fv2%2Fcategories&post=3504"},{"taxonomy":"post_tag","embeddable":true,"href":"https:\/\/archive.sana.sy\/tr\/index.php?rest_route=%2Fwp%2Fv2%2Ftags&post=3504"}],"curies":[{"name":"wp","href":"https:\/\/api.w.org\/{rel}","templated":true}]}}