{"id":35085,"date":"2015-05-30T10:44:37","date_gmt":"2015-05-30T07:44:37","guid":{"rendered":"http:\/\/sana.sy\/tr\/?p=35085"},"modified":"2015-05-30T10:45:38","modified_gmt":"2015-05-30T07:45:38","slug":"salih-yemen-suriye-irak-ve-libyada-cereyan-edenlerin-arkasinda-israili-korumak-hedefiyle-suudililer-duruyor","status":"publish","type":"post","link":"https:\/\/archive.sana.sy\/tr\/?p=35085","title":{"rendered":"Salih: Yemen, Suriye, Irak ve Libya\u2019da Cereyan Edenlerin Arkas\u0131nda \u0130srail\u2019i Korumak Hedefiyle Suudililer Duruyor"},"content":{"rendered":"<p>SANAA \u2013 Yemen eski Ba\u015fkan\u0131 Ali Abdullah Salih, Yemen, Suriye, Irak ve Libya\u2019da cereyan edenlerin arkas\u0131nda Suudi Arabistan\u2019\u0131n durdu\u011funu, bu \u00fclkelerdeki milli Arap rejiminin tam bir \u015fekilde hedef al\u0131nd\u0131\u011f\u0131n\u0131 \u00e7\u00fcnk\u00fc Suudililerin bu rejimi kendisine tehlike olarak g\u00f6rd\u00fc\u011f\u00fcn\u00fc belirterek, Suudi rejiminin kanunsuz ve rejimsiz biat rejimini istedi\u011fine i\u015faret etti.<\/p>\n<p>El Meyadin Kanal\u0131n\u0131n d\u00fcn ak\u015fam kendisiyle d\u00fczenledi\u011fi r\u00f6portaj\u0131nda, Suriye, Irak, Filistin, Yemen ve Libya\u2019da cereyan edenlerin hedefinin \u0130srail\u2019i korumak, Araplar\u0131 istismar eden Amerikan politikas\u0131n\u0131 uygulamak, kendilerine silah satmak i\u00e7in de kendilerine d\u00fc\u015fman yaratt\u0131\u011f\u0131n\u0131 a\u00e7\u0131klayarak Suriye halk\u0131n\u0131n ter\u00f6rist \u00f6rg\u00fctler taraf\u0131ndan maruz kald\u0131\u011f\u0131 ter\u00f6r\u00fc k\u0131nad\u0131.<\/p>\n<p>Yemen halk\u0131n\u0131 Suriye halk\u0131yla ba\u011flayan ili\u015fkilere i\u015faret eden Salih: \u201cSuriye h\u00fck\u00fcmetine destek sunmak i\u00e7in imkan\u0131m\u0131z yok e\u011fer imkan\u0131m\u0131z olsayd\u0131 destek sunard\u0131k, \u00e7\u00fcnk\u00fc Suriye milli ve ulusal bir \u00fclkedir dedi.<br \/>\nYemen\u2019e y\u00f6nelik Suudi sald\u0131r\u0131s\u0131n\u0131n, \u00e7irkef, barbar, dinen veya kanunen hi\u00e7 bir gerek\u00e7esi bulunmayan bir sald\u0131r\u0131 oldu\u011funu, Yemen halk\u0131n\u0131n sab\u0131r, irade ve sebat ile buna kar\u015f\u0131 koyaca\u011f\u0131n\u0131 belirterek, s\u00f6z konusu sald\u0131r\u0131n\u0131n Yemen ordusunu ve devlet kurumlar\u0131n\u0131 y\u0131kt\u0131\u011f\u0131n\u0131 ve Yemenli her ev ve ailenin dahiline bir yara ge\u00e7irdi\u011fini ifade etti.<\/p>\n<p>Suudi Arabistan\u2019\u0131n kendisine Ansarullah\u2019a kar\u015f\u0131 g\u00f6revinden istifa eden Yemen Ba\u015fkan\u0131 Abdrabbo Mansur Hadi ve M\u00fcsl\u00fcman Karde\u015fler ile koalisyon kar\u015f\u0131l\u0131\u011f\u0131nda milyonlarca dolarl\u0131k teklifte bulundu\u011funu ortaya \u00e7\u0131karan Salih, \u015fahsi olarak kendisini hedef ald\u0131klar\u0131n\u0131 s\u00f6yledi.<\/p>\n<p>Salih, Yemen\u2019in Fec Attan b\u00f6lgesinin Amerikan f\u00fczeleri ve bombalar\u0131yla vuruldu\u011funu, denizden Cruz f\u00fczelerinin f\u0131rlat\u0131ld\u0131\u011f\u0131na dair deliller bulundu\u011funu, Amerikal\u0131lar\u0131n da lojistik destekte bulunduklar\u0131n\u0131 itiraf ettiklerini bu y\u00fczden Yemen\u2019de olanlardan masum olmad\u0131klar\u0131n\u0131 ve sorumlulu\u011fu \u00fcstelendiklerini vurgulad\u0131.<\/p>\n<p>Suudi Arabistan\u2019\u0131n Yemen\u2019e vesayet etmek istedi\u011fini, kendisinin birli\u011fe kar\u015f\u0131 oldu\u011funu, istikrar\u0131 sarsmak ve Yemen halk\u0131 aras\u0131nda fitnecili\u011fi k\u00f6r\u00fcklemek i\u00e7in paralar harcad\u0131\u011f\u0131n\u0131 belirten Salih Ansarullah ile olan anla\u015fmazl\u0131\u011f\u0131n y\u00f6netim veya \u00f6\u011fretisel olmad\u0131\u011f\u0131n\u0131 onlarla koalisyonun da resmi olmad\u0131\u011f\u0131n\u0131, onlarla birle\u015ftirenin Yemen\u2019e y\u00f6nelik vah\u015fi sald\u0131r\u0131 oldu\u011funa dikkat \u00e7ekti.<\/p>\n<p>Riyad konfreans\u0131na kat\u0131lan herkesin kendi nefisine Yemen\u2019e d\u00f6nmeyece\u011fi h\u00fckm\u00fcn\u00fc verdi\u011fini \u00e7\u00fcnk\u00fc Suudi sald\u0131r\u0131s\u0131n\u0131 onaylad\u0131\u011f\u0131n\u0131 a\u00e7\u0131klayan Salih, bizler Yemen\u2019deyiz, hastaneleri ve kurumlar\u0131 y\u0131kmalar\u0131na ra\u011fmen \u00c2l Suud\u2019un kendilerini yerlerinden edemeyeceklerini ifade ederek, sorumlulu\u011fu Suudi Arabistan\u2019\u0131n Yemen\u2019e y\u00f6nelik sald\u0131r\u0131s\u0131n\u0131 durdurmak i\u00e7in karar almayan g\u00fcvenlik konseyi ve uluslararas\u0131 kuruma y\u00fckledi.<\/p>\n<p>Yemen\u2019le ilgili konferans\u0131n d\u00fczenlenmesi i\u00e7in Cenevre\u2019nin se\u00e7ildi\u011fine \u00e7\u00fcnk\u00fc ba\u015fkalar\u0131n\u0131n Riyad konferans\u0131na bel ba\u011flad\u0131klar\u0131n\u0131 bunun da caiz olmad\u0131\u011f\u0131n\u0131 \u00e7\u00fcnk\u00fc Suudi Arabistan\u2019\u0131n sald\u0131rgan devlet oldu\u011funa dikkat \u00e7eken Salih, Suudi rejiminin demokrasi, insan haklar\u0131na sayg\u0131 ve bas\u0131n \u00f6zg\u00fcrl\u00fc\u011f\u00fc ile ilgili her \u015feyden rahats\u0131zl\u0131k duydu\u011funu belirtti.<\/p>\n<p>Suudi Arabistan\u2019a ka\u00e7an Hadi\u2019nin y\u00f6netimi tam olarak eline ald\u0131\u011f\u0131n\u0131 lakin \u201chi\u00e7bir deneyime sahip olmad\u0131\u011f\u0131ndan\u201d idare edemedi\u011fine ve orduya ve Ansarullah\u2019a sald\u0131r\u0131da bulundu\u011funa i\u015faret eden Salih: \u201cBizler halk\u0131m\u0131z ve partimizden ba\u015fka hi\u00e7 kimseye itimat etmiyoruz, Ansarullah\u2019tan vazge\u00e7meyece\u011fiz \u00e7\u00fcnk\u00fc sahada orta\u011f\u0131m\u0131zd\u0131r. Diyalog ise durdu\u011fu yerden ba\u015flay\u0131p, y\u00f6netimin intikali, Suudi sald\u0131r\u0131s\u0131 ve se\u00e7imler konusunu ele almas\u0131 gerekiyor\u201d dedi.<\/p>\n<p>S.\u015e<\/p>\n","protected":false},"excerpt":{"rendered":"<p>SANAA \u2013 Yemen eski Ba\u015fkan\u0131 Ali Abdullah Salih, Yemen, Suriye, Irak ve Libya\u2019da cereyan edenlerin arkas\u0131nda Suudi Arabistan\u2019\u0131n durdu\u011funu, bu \u00fclkelerdeki milli Arap rejiminin tam bir \u015fekilde hedef al\u0131nd\u0131\u011f\u0131n\u0131 \u00e7\u00fcnk\u00fc Suudililerin bu rejimi kendisine tehlike olarak g\u00f6rd\u00fc\u011f\u00fcn\u00fc belirterek, Suudi rejiminin kanunsuz ve rejimsiz biat rejimini istedi\u011fine i\u015faret etti. El Meyadin Kanal\u0131n\u0131n d\u00fcn ak\u015fam kendisiyle d\u00fczenledi\u011fi &hellip;<\/p>\n","protected":false},"author":1,"featured_media":35087,"comment_status":"closed","ping_status":"closed","sticky":false,"template":"","format":"standard","meta":{"footnotes":""},"categories":[458,459,447],"tags":[14867,14866,16591],"class_list":["post-35085","post","type-post","status-publish","format-standard","has-post-thumbnail","","category-dunya1","category-haberler-arap-uluslararasi-politika","category-politika","tag-irak-ve-libyada-cereyan-edenlerin-arkasinda-israili-korumak-hedefiyle-suudililer-duruyor","tag-salih-yemen","tag-suriye"],"_links":{"self":[{"href":"https:\/\/archive.sana.sy\/tr\/index.php?rest_route=\/wp\/v2\/posts\/35085","targetHints":{"allow":["GET"]}}],"collection":[{"href":"https:\/\/archive.sana.sy\/tr\/index.php?rest_route=\/wp\/v2\/posts"}],"about":[{"href":"https:\/\/archive.sana.sy\/tr\/index.php?rest_route=\/wp\/v2\/types\/post"}],"author":[{"embeddable":true,"href":"https:\/\/archive.sana.sy\/tr\/index.php?rest_route=\/wp\/v2\/users\/1"}],"replies":[{"embeddable":true,"href":"https:\/\/archive.sana.sy\/tr\/index.php?rest_route=%2Fwp%2Fv2%2Fcomments&post=35085"}],"version-history":[{"count":0,"href":"https:\/\/archive.sana.sy\/tr\/index.php?rest_route=\/wp\/v2\/posts\/35085\/revisions"}],"wp:featuredmedia":[{"embeddable":true,"href":"https:\/\/archive.sana.sy\/tr\/index.php?rest_route=\/wp\/v2\/media\/35087"}],"wp:attachment":[{"href":"https:\/\/archive.sana.sy\/tr\/index.php?rest_route=%2Fwp%2Fv2%2Fmedia&parent=35085"}],"wp:term":[{"taxonomy":"category","embeddable":true,"href":"https:\/\/archive.sana.sy\/tr\/index.php?rest_route=%2Fwp%2Fv2%2Fcategories&post=35085"},{"taxonomy":"post_tag","embeddable":true,"href":"https:\/\/archive.sana.sy\/tr\/index.php?rest_route=%2Fwp%2Fv2%2Ftags&post=35085"}],"curies":[{"name":"wp","href":"https:\/\/api.w.org\/{rel}","templated":true}]}}