{"id":35090,"date":"2015-05-30T10:50:19","date_gmt":"2015-05-30T07:50:19","guid":{"rendered":"http:\/\/sana.sy\/tr\/?p=35090"},"modified":"2015-05-30T10:54:16","modified_gmt":"2015-05-30T07:54:16","slug":"hasekede-kuraklik-probleminin-cozumu-teror-nedeniyle-aksadi","status":"publish","type":"post","link":"https:\/\/archive.sana.sy\/tr\/?p=35090","title":{"rendered":"Haseke\u2019de Kurakl\u0131k Probleminin \u00c7\u00f6z\u00fcm\u00fc Ter\u00f6r Nedeniyle Aksad\u0131"},"content":{"rendered":"<p>HASEKE \u2013 Dicle Nehri sular\u0131n\u0131n Haseke arazilerine aktar\u0131lmas\u0131 projesi ter\u00f6r nedeniyle uygulamas\u0131 gecikmi\u015f stratejik kalk\u0131nma projeleri aras\u0131nda yer al\u0131yor.<\/p>\n<p>Haseke\u2019deki kurakl\u0131k sorununu k\u00f6kl\u00fc bir \u015fekilde \u00e7\u00f6zmesi beklenen projenin temeli 2011 y\u0131l\u0131n\u0131n Mart ay\u0131nda at\u0131lm\u0131\u015f ve 2015 y\u0131l\u0131nda uygulamas\u0131n\u0131n tamamlanmas\u0131 planlanm\u0131\u015ft\u0131.<\/p>\n<p>Ancak silahl\u0131 ter\u00f6r gruplar\u0131n\u0131n proje uygulamas\u0131nda kullan\u0131lacak ara\u00e7 ve te\u00e7hizatlar\u0131 gasp etmesi sonucu proje uygulamas\u0131 \u00e7al\u0131\u015fmalar\u0131 yava\u015flad\u0131.<\/p>\n<p>Haseke \u0130li Su Kaynaklar\u0131 M\u00fcd\u00fcr\u00fc Abd\u00fclrezzak el Avvek, Haseke\u2019de kurakl\u0131k sorununu \u00e7\u00f6zmeyi hedefleyen projelere ili\u015fkin bilgi verdi\u011fi demecinde, su kanallar\u0131n\u0131n restorasyon ve bak\u0131m\u0131n\u0131n da bu projeler aras\u0131nda yer ald\u0131\u011f\u0131n\u0131 belirtti.<\/p>\n<div id='gallery-1' class='gallery galleryid-35090 gallery-columns-2 gallery-size-thumbnail'><figure class='gallery-item'>\n\t\t\t<div class='gallery-icon landscape'>\n\t\t\t\t<a href='https:\/\/archive.sana.sy\/tr\/wp-content\/uploads\/2015\/05\/Haseke-2.jpg'><img loading=\"lazy\" decoding=\"async\" width=\"150\" height=\"80\" src=\"https:\/\/archive.sana.sy\/tr\/wp-content\/uploads\/2015\/05\/Haseke-2-150x80.jpg\" class=\"attachment-thumbnail size-thumbnail\" alt=\"\" srcset=\"https:\/\/archive.sana.sy\/tr\/wp-content\/uploads\/2015\/05\/Haseke-2-150x80.jpg 150w, https:\/\/archive.sana.sy\/tr\/wp-content\/uploads\/2015\/05\/Haseke-2-300x160.jpg 300w, https:\/\/archive.sana.sy\/tr\/wp-content\/uploads\/2015\/05\/Haseke-2.jpg 620w\" sizes=\"auto, (max-width: 150px) 100vw, 150px\" \/><\/a>\n\t\t\t<\/div><\/figure><figure class='gallery-item'>\n\t\t\t<div class='gallery-icon landscape'>\n\t\t\t\t<a href='https:\/\/archive.sana.sy\/tr\/wp-content\/uploads\/2015\/05\/Haseke-1.jpg'><img loading=\"lazy\" decoding=\"async\" width=\"150\" height=\"80\" src=\"https:\/\/archive.sana.sy\/tr\/wp-content\/uploads\/2015\/05\/Haseke-1-150x80.jpg\" class=\"attachment-thumbnail size-thumbnail\" alt=\"\" srcset=\"https:\/\/archive.sana.sy\/tr\/wp-content\/uploads\/2015\/05\/Haseke-1-150x80.jpg 150w, https:\/\/archive.sana.sy\/tr\/wp-content\/uploads\/2015\/05\/Haseke-1-300x160.jpg 300w, https:\/\/archive.sana.sy\/tr\/wp-content\/uploads\/2015\/05\/Haseke-1.jpg 620w\" sizes=\"auto, (max-width: 150px) 100vw, 150px\" \/><\/a>\n\t\t\t<\/div><\/figure>\n\t\t<\/div>\n\n<p>F.B &#8211; S.\u015e<\/p>\n","protected":false},"excerpt":{"rendered":"<p>HASEKE \u2013 Dicle Nehri sular\u0131n\u0131n Haseke arazilerine aktar\u0131lmas\u0131 projesi ter\u00f6r nedeniyle uygulamas\u0131 gecikmi\u015f stratejik kalk\u0131nma projeleri aras\u0131nda yer al\u0131yor. Haseke\u2019deki kurakl\u0131k sorununu k\u00f6kl\u00fc bir \u015fekilde \u00e7\u00f6zmesi beklenen projenin temeli 2011 y\u0131l\u0131n\u0131n Mart ay\u0131nda at\u0131lm\u0131\u015f ve 2015 y\u0131l\u0131nda uygulamas\u0131n\u0131n tamamlanmas\u0131 planlanm\u0131\u015ft\u0131. Ancak silahl\u0131 ter\u00f6r gruplar\u0131n\u0131n proje uygulamas\u0131nda kullan\u0131lacak ara\u00e7 ve te\u00e7hizatlar\u0131 gasp etmesi sonucu proje uygulamas\u0131 &hellip;<\/p>\n","protected":false},"author":1,"featured_media":35092,"comment_status":"closed","ping_status":"closed","sticky":false,"template":"","format":"standard","meta":{"footnotes":""},"categories":[479,478],"tags":[14868],"class_list":["post-35090","post","type-post","status-publish","format-standard","has-post-thumbnail","","category-haberler-yerel","category-yerel","tag-hasekede-kuraklik-probleminin-cozumu-teror-nedeniyle-aksadi"],"_links":{"self":[{"href":"https:\/\/archive.sana.sy\/tr\/index.php?rest_route=\/wp\/v2\/posts\/35090","targetHints":{"allow":["GET"]}}],"collection":[{"href":"https:\/\/archive.sana.sy\/tr\/index.php?rest_route=\/wp\/v2\/posts"}],"about":[{"href":"https:\/\/archive.sana.sy\/tr\/index.php?rest_route=\/wp\/v2\/types\/post"}],"author":[{"embeddable":true,"href":"https:\/\/archive.sana.sy\/tr\/index.php?rest_route=\/wp\/v2\/users\/1"}],"replies":[{"embeddable":true,"href":"https:\/\/archive.sana.sy\/tr\/index.php?rest_route=%2Fwp%2Fv2%2Fcomments&post=35090"}],"version-history":[{"count":0,"href":"https:\/\/archive.sana.sy\/tr\/index.php?rest_route=\/wp\/v2\/posts\/35090\/revisions"}],"wp:featuredmedia":[{"embeddable":true,"href":"https:\/\/archive.sana.sy\/tr\/index.php?rest_route=\/wp\/v2\/media\/35092"}],"wp:attachment":[{"href":"https:\/\/archive.sana.sy\/tr\/index.php?rest_route=%2Fwp%2Fv2%2Fmedia&parent=35090"}],"wp:term":[{"taxonomy":"category","embeddable":true,"href":"https:\/\/archive.sana.sy\/tr\/index.php?rest_route=%2Fwp%2Fv2%2Fcategories&post=35090"},{"taxonomy":"post_tag","embeddable":true,"href":"https:\/\/archive.sana.sy\/tr\/index.php?rest_route=%2Fwp%2Fv2%2Ftags&post=35090"}],"curies":[{"name":"wp","href":"https:\/\/api.w.org\/{rel}","templated":true}]}}