{"id":35097,"date":"2015-05-30T11:26:05","date_gmt":"2015-05-30T08:26:05","guid":{"rendered":"http:\/\/sana.sy\/tr\/?p=35097"},"modified":"2015-05-30T11:28:19","modified_gmt":"2015-05-30T08:28:19","slug":"lavrov-sadece-bombardimanlarla-isid-ortadan-kaldirilamaz-washingtonun-teror-orgutuyle-savasta-suriye-hukumetini-ortak-gormemesini-de-garipsiyoruz","status":"publish","type":"post","link":"https:\/\/archive.sana.sy\/tr\/?p=35097","title":{"rendered":"Lavrov: Sadece Bombard\u0131manlarla I\u015e\u0130D Ortadan Kald\u0131r\u0131lamaz, Washington\u2019un Ter\u00f6r \u00d6rg\u00fct\u00fcyle Sava\u015fta Suriye H\u00fck\u00fcmetini Ortak G\u00f6rmemesini De Garipsiyoruz"},"content":{"rendered":"<p>MOSKOVA \u2013 Rusya D\u0131\u015fi\u015fleri Bakan\u0131 Sergey Lavrov, tek ba\u015f\u0131na hava bombard\u0131manlar\u0131n\u0131n Suriye ve Irak\u2019ta I\u015e\u0130D ter\u00f6r \u00f6rg\u00fct\u00fcn\u00fc bitirmeyece\u011fini belirterek, bu yoldaki \u00e7abalar\u0131n birle\u015ftirilmesine ve Suriye h\u00fck\u00fcmetinin bu m\u00fccadelede kat\u0131lmas\u0131na \u00e7a\u011fr\u0131 yapt\u0131 ve Washington\u2019un Suriye\u2019yi I\u015e\u0130D ter\u00f6r \u00f6rg\u00fct\u00fcne kar\u015f\u0131 sava\u015fta ortak saymay\u0131 reddetmesini garipsedi.<\/p>\n<p>Rusya Today sitesi Lavrov\u2019un Rusya 24 kanal\u0131na verdi\u011fi ve d\u00fcn yay\u0131nlad\u0131\u011f\u0131 r\u00f6portajdan naklen, Amerikal\u0131lar\u0131n kurdu\u011fu koalisyonun Irak\u2019ta bu \u00fclke y\u00f6netiminin onay\u0131yla I\u015e\u0130D mevkilerini hedef almaktan hareket ediyoruz ancak Suriye\u2019de, y\u00f6netime haber vermeden veya izin almadan hedef al\u0131yoruz dolay\u0131s\u0131yla tabii olarak uluslararas\u0131 kanuna a\u00e7\u0131k bir ihlal say\u0131ld\u0131\u011f\u0131n\u0131 belirtti.<\/p>\n<p>B\u00fct\u00fcn herkesin sadece hava sald\u0131r\u0131lar\u0131 arac\u0131l\u0131\u011f\u0131yla I\u015e\u0130D ter\u00f6r \u00f6rg\u00fct\u00fcn\u00fcn bertaraf edilmesinin m\u00fcmk\u00fcn olmad\u0131\u011f\u0131n\u0131 bildi\u011fine ve itiraf etiklerine ve bu icraat\u0131n kara g\u00fc\u00e7lerinin kat\u0131lmas\u0131n\u0131 gerektirdi\u011fini s\u00f6yledi.<\/p>\n<p>Bu ortak \u00e7abalara Suriye h\u00fck\u00fcmetinin i\u015ftirak edilmeden nas\u0131l yap\u0131laca\u011f\u0131n\u0131 tasavvur edemedi\u011fini belirten\u00a0Lavrov, \u015eam\u2019\u0131n kimyasal silahlar\u0131n ortadan kald\u0131r\u0131lmas\u0131nda uluslararas\u0131 toplumla i\u015fbirli\u011fi yapt\u0131\u011f\u0131 bir y\u0131ldan bu yana her hangi bir akabenin bulunmad\u0131\u011f\u0131n\u0131 g\u00f6rd\u00fcklerini dile getirdi.<\/p>\n<p>S.\u015e<\/p>\n","protected":false},"excerpt":{"rendered":"<p>MOSKOVA \u2013 Rusya D\u0131\u015fi\u015fleri Bakan\u0131 Sergey Lavrov, tek ba\u015f\u0131na hava bombard\u0131manlar\u0131n\u0131n Suriye ve Irak\u2019ta I\u015e\u0130D ter\u00f6r \u00f6rg\u00fct\u00fcn\u00fc bitirmeyece\u011fini belirterek, bu yoldaki \u00e7abalar\u0131n birle\u015ftirilmesine ve Suriye h\u00fck\u00fcmetinin bu m\u00fccadelede kat\u0131lmas\u0131na \u00e7a\u011fr\u0131 yapt\u0131 ve Washington\u2019un Suriye\u2019yi I\u015e\u0130D ter\u00f6r \u00f6rg\u00fct\u00fcne kar\u015f\u0131 sava\u015fta ortak saymay\u0131 reddetmesini garipsedi. Rusya Today sitesi Lavrov\u2019un Rusya 24 kanal\u0131na verdi\u011fi ve d\u00fcn yay\u0131nlad\u0131\u011f\u0131 r\u00f6portajdan &hellip;<\/p>\n","protected":false},"author":1,"featured_media":16094,"comment_status":"closed","ping_status":"closed","sticky":false,"template":"","format":"standard","meta":{"footnotes":""},"categories":[458,459,447,2554],"tags":[14869,14870],"class_list":["post-35097","post","type-post","status-publish","format-standard","has-post-thumbnail","","category-dunya1","category-haberler-arap-uluslararasi-politika","category-politika","category-suriye-ve-dunya","tag-lavrov-sadece-bombardimanlarla-isid-ortadan-kaldirilamaz","tag-washingtonun-teror-orgutuyle-savasta-suriye-hukumetini-ortak-gormemesini-de-garipsiyoruz"],"_links":{"self":[{"href":"https:\/\/archive.sana.sy\/tr\/index.php?rest_route=\/wp\/v2\/posts\/35097","targetHints":{"allow":["GET"]}}],"collection":[{"href":"https:\/\/archive.sana.sy\/tr\/index.php?rest_route=\/wp\/v2\/posts"}],"about":[{"href":"https:\/\/archive.sana.sy\/tr\/index.php?rest_route=\/wp\/v2\/types\/post"}],"author":[{"embeddable":true,"href":"https:\/\/archive.sana.sy\/tr\/index.php?rest_route=\/wp\/v2\/users\/1"}],"replies":[{"embeddable":true,"href":"https:\/\/archive.sana.sy\/tr\/index.php?rest_route=%2Fwp%2Fv2%2Fcomments&post=35097"}],"version-history":[{"count":0,"href":"https:\/\/archive.sana.sy\/tr\/index.php?rest_route=\/wp\/v2\/posts\/35097\/revisions"}],"wp:featuredmedia":[{"embeddable":true,"href":"https:\/\/archive.sana.sy\/tr\/index.php?rest_route=\/wp\/v2\/media\/16094"}],"wp:attachment":[{"href":"https:\/\/archive.sana.sy\/tr\/index.php?rest_route=%2Fwp%2Fv2%2Fmedia&parent=35097"}],"wp:term":[{"taxonomy":"category","embeddable":true,"href":"https:\/\/archive.sana.sy\/tr\/index.php?rest_route=%2Fwp%2Fv2%2Fcategories&post=35097"},{"taxonomy":"post_tag","embeddable":true,"href":"https:\/\/archive.sana.sy\/tr\/index.php?rest_route=%2Fwp%2Fv2%2Ftags&post=35097"}],"curies":[{"name":"wp","href":"https:\/\/api.w.org\/{rel}","templated":true}]}}