{"id":35101,"date":"2015-05-30T11:32:40","date_gmt":"2015-05-30T08:32:40","guid":{"rendered":"http:\/\/sana.sy\/tr\/?p=35101"},"modified":"2015-05-30T11:32:40","modified_gmt":"2015-05-30T08:32:40","slug":"haseke-sana-muhabiri-halk-savunma-birlikleri-isbirligiyle-ordu-birliklerimizin-haseke-kenti-cevresinde-bulunan-askeri-kontrol-noktalarina-yonelik-isid-teror-orgutu-teroristlerinin-saldirilarini-coker","status":"publish","type":"post","link":"https:\/\/archive.sana.sy\/tr\/?p=35101","title":{"rendered":"Haseke SANA muhabiri, halk savunma birlikleri i\u015fbirli\u011fiyle ordu birliklerimizin Haseke kenti \u00e7evresinde bulunan askeri kontrol noktalar\u0131na y\u00f6nelik I\u015e\u0130D ter\u00f6r \u00f6rg\u00fct\u00fc ter\u00f6ristlerinin sald\u0131r\u0131lar\u0131n\u0131 \u00e7\u00f6kerttiklerini say\u0131 ve te\u00e7hizat bak\u0131m\u0131ndan da a\u011f\u0131r kay\u0131plara u\u011fratt\u0131klar\u0131n\u0131 s\u00f6yledi."},"content":{"rendered":"<p>Haseke SANA muhabiri, halk savunma birlikleri i\u015fbirli\u011fiyle ordu birliklerimizin Haseke kenti \u00e7evresinde bulunan askeri kontrol noktalar\u0131na y\u00f6nelik I\u015e\u0130D ter\u00f6r \u00f6rg\u00fct\u00fc ter\u00f6ristlerinin sald\u0131r\u0131lar\u0131n\u0131 \u00e7\u00f6kerttiklerini say\u0131 ve te\u00e7hizat bak\u0131m\u0131ndan da a\u011f\u0131r kay\u0131plara u\u011fratt\u0131klar\u0131n\u0131 s\u00f6yledi.<\/p>\n","protected":false},"excerpt":{"rendered":"<p>Haseke SANA muhabiri, halk savunma birlikleri i\u015fbirli\u011fiyle ordu birliklerimizin Haseke kenti \u00e7evresinde bulunan askeri kontrol noktalar\u0131na y\u00f6nelik I\u015e\u0130D ter\u00f6r \u00f6rg\u00fct\u00fc ter\u00f6ristlerinin sald\u0131r\u0131lar\u0131n\u0131 \u00e7\u00f6kerttiklerini say\u0131 ve te\u00e7hizat bak\u0131m\u0131ndan da a\u011f\u0131r kay\u0131plara u\u011fratt\u0131klar\u0131n\u0131 s\u00f6yledi.<\/p>\n","protected":false},"author":1,"featured_media":0,"comment_status":"closed","ping_status":"closed","sticky":false,"template":"","format":"standard","meta":{"footnotes":""},"categories":[1],"tags":[],"class_list":["post-35101","post","type-post","status-publish","format-standard","","category-news-not-sorted"],"_links":{"self":[{"href":"https:\/\/archive.sana.sy\/tr\/index.php?rest_route=\/wp\/v2\/posts\/35101","targetHints":{"allow":["GET"]}}],"collection":[{"href":"https:\/\/archive.sana.sy\/tr\/index.php?rest_route=\/wp\/v2\/posts"}],"about":[{"href":"https:\/\/archive.sana.sy\/tr\/index.php?rest_route=\/wp\/v2\/types\/post"}],"author":[{"embeddable":true,"href":"https:\/\/archive.sana.sy\/tr\/index.php?rest_route=\/wp\/v2\/users\/1"}],"replies":[{"embeddable":true,"href":"https:\/\/archive.sana.sy\/tr\/index.php?rest_route=%2Fwp%2Fv2%2Fcomments&post=35101"}],"version-history":[{"count":0,"href":"https:\/\/archive.sana.sy\/tr\/index.php?rest_route=\/wp\/v2\/posts\/35101\/revisions"}],"wp:attachment":[{"href":"https:\/\/archive.sana.sy\/tr\/index.php?rest_route=%2Fwp%2Fv2%2Fmedia&parent=35101"}],"wp:term":[{"taxonomy":"category","embeddable":true,"href":"https:\/\/archive.sana.sy\/tr\/index.php?rest_route=%2Fwp%2Fv2%2Fcategories&post=35101"},{"taxonomy":"post_tag","embeddable":true,"href":"https:\/\/archive.sana.sy\/tr\/index.php?rest_route=%2Fwp%2Fv2%2Ftags&post=35101"}],"curies":[{"name":"wp","href":"https:\/\/api.w.org\/{rel}","templated":true}]}}