{"id":35106,"date":"2015-05-30T11:45:12","date_gmt":"2015-05-30T08:45:12","guid":{"rendered":"http:\/\/sana.sy\/tr\/?p=35106"},"modified":"2015-05-30T11:40:01","modified_gmt":"2015-05-30T08:40:01","slug":"askeri-kaynak-ordu-birliklerimizin-halep-kirsali-havacilik-enstitusu-cevresinde-isid-teror-orgutunden-cok-sayida-teroristi-oldurduklerini-belirtti","status":"publish","type":"post","link":"https:\/\/archive.sana.sy\/tr\/?p=35106","title":{"rendered":"Askeri kaynak, ordu birliklerimizin Halep k\u0131rsal\u0131 Havac\u0131l\u0131k Enstit\u00fcs\u00fc \u00e7evresinde I\u015e\u0130D ter\u00f6r \u00f6rg\u00fct\u00fcnden \u00e7ok say\u0131da ter\u00f6risti \u00f6ld\u00fcrd\u00fcklerini belirtti."},"content":{"rendered":"<p>Askeri kaynak, ordu birliklerimizin Halep k\u0131rsal\u0131 Havac\u0131l\u0131k Enstit\u00fcs\u00fc \u00e7evresinde I\u015e\u0130D ter\u00f6r \u00f6rg\u00fct\u00fcnden \u00e7ok say\u0131da ter\u00f6risti \u00f6ld\u00fcrd\u00fcklerini belirtti.<\/p>\n","protected":false},"excerpt":{"rendered":"<p>Askeri kaynak, ordu birliklerimizin Halep k\u0131rsal\u0131 Havac\u0131l\u0131k Enstit\u00fcs\u00fc \u00e7evresinde I\u015e\u0130D ter\u00f6r \u00f6rg\u00fct\u00fcnden \u00e7ok say\u0131da ter\u00f6risti \u00f6ld\u00fcrd\u00fcklerini belirtti.<\/p>\n","protected":false},"author":1,"featured_media":0,"comment_status":"closed","ping_status":"closed","sticky":false,"template":"","format":"standard","meta":{"footnotes":""},"categories":[1],"tags":[1031,14872],"class_list":["post-35106","post","type-post","status-publish","format-standard","","category-news-not-sorted","tag-askeri-kaynak","tag-ordu-birliklerimizin-halep-kirsali-havacilik-enstitusu-cevresinde-isid-teror-orgutunden-cok-sayida-teroristi-oldurduklerini-belirtti"],"_links":{"self":[{"href":"https:\/\/archive.sana.sy\/tr\/index.php?rest_route=\/wp\/v2\/posts\/35106","targetHints":{"allow":["GET"]}}],"collection":[{"href":"https:\/\/archive.sana.sy\/tr\/index.php?rest_route=\/wp\/v2\/posts"}],"about":[{"href":"https:\/\/archive.sana.sy\/tr\/index.php?rest_route=\/wp\/v2\/types\/post"}],"author":[{"embeddable":true,"href":"https:\/\/archive.sana.sy\/tr\/index.php?rest_route=\/wp\/v2\/users\/1"}],"replies":[{"embeddable":true,"href":"https:\/\/archive.sana.sy\/tr\/index.php?rest_route=%2Fwp%2Fv2%2Fcomments&post=35106"}],"version-history":[{"count":0,"href":"https:\/\/archive.sana.sy\/tr\/index.php?rest_route=\/wp\/v2\/posts\/35106\/revisions"}],"wp:attachment":[{"href":"https:\/\/archive.sana.sy\/tr\/index.php?rest_route=%2Fwp%2Fv2%2Fmedia&parent=35106"}],"wp:term":[{"taxonomy":"category","embeddable":true,"href":"https:\/\/archive.sana.sy\/tr\/index.php?rest_route=%2Fwp%2Fv2%2Fcategories&post=35106"},{"taxonomy":"post_tag","embeddable":true,"href":"https:\/\/archive.sana.sy\/tr\/index.php?rest_route=%2Fwp%2Fv2%2Ftags&post=35106"}],"curies":[{"name":"wp","href":"https:\/\/api.w.org\/{rel}","templated":true}]}}