{"id":35109,"date":"2015-05-30T18:00:28","date_gmt":"2015-05-30T15:00:28","guid":{"rendered":"http:\/\/sana.sy\/tr\/?p=35109"},"modified":"2015-05-31T13:15:31","modified_gmt":"2015-05-31T10:15:31","slug":"isid-ve-nusra-cephesi-teroristlerinin-agir-kayiplari-suruyor","status":"publish","type":"post","link":"https:\/\/archive.sana.sy\/tr\/?p=35109","title":{"rendered":"I\u015e\u0130D ve Nusra Cephesi Ter\u00f6ristlerinin A\u011f\u0131r Kay\u0131plar\u0131 S\u00fcr\u00fcyor"},"content":{"rendered":"<p>\u0130LLER &#8211; Ter\u00f6re kar\u015f\u0131 s\u00fcrd\u00fcrd\u00fc\u011f\u00fc operasyonlar \u00e7er\u00e7evesinde ordu birliklerimiz uluslararas\u0131 ter\u00f6r listesinde yer alan I\u015e\u0130D ve Nusra Cephesi yan\u0131 s\u0131ra muhtelif adland\u0131rmalar alt\u0131ndaki di\u011fer ter\u00f6r \u00f6rg\u00fctlerini a\u011f\u0131r kay\u0131plara u\u011fratamaya devam ediyor.<\/p>\n<p><span style=\"color: #0000ff\">HASEKE:<\/span><\/p>\n<p>Ordu birliklerimiz bu sabah I\u015e\u0130D ter\u00f6ristlerinin Haseke Kenti \u00e7evresinde bulunan askeri kontrol noktalar\u0131na y\u00f6nelik sald\u0131r\u0131lar\u0131n\u0131 \u00e7\u00f6kertti.<\/p>\n<p>Haseke Valili\u011finde bir kaynak a\u00e7\u0131klamas\u0131nda, Haseke k\u0131rsal\u0131nda halk savunma birliklerinin i\u015fbirli\u011fiyle ordu birliklerimizin tekfirci intihar eylemcisi ter\u00f6ristlerin kulland\u0131klar\u0131 bombal\u0131 3 kamyonu Haseke g\u00fcneybat\u0131s\u0131ndaki Abyad kontrol noktas\u0131na varmadan \u00f6nce imha ettiklerini belirtti.<\/p>\n<p>Kaynak Haseke k\u0131rsal\u0131n\u0131n g\u00fcneydo\u011fusundaki el Davudiye K\u00f6y\u00fc \u00e7evresinde de bombal\u0131 2 arac\u0131 daha imha ettiklerini belirtti.<\/p>\n<p>Kaynak, ordu birliklerimizin s\u00f6z konusu bombal\u0131 ara\u00e7lar\u0131\u00a0imha etmeleri ard\u0131ndan uluslararas\u0131 ter\u00f6r \u00f6rg\u00fctleri listesinde yer alan I\u015e\u0130D ter\u00f6ristleriyle muhtelif t\u00fcr hafif ve a\u011f\u0131r silahlarla \u015fiddetli \u00e7at\u0131\u015fmalara girdiklerini aktard\u0131. \u00c7at\u0131\u015fmalar\u0131n onlarca ter\u00f6ristin \u00f6l\u00fc ve yaral\u0131 d\u00fc\u015fmesine yol a\u00e7t\u0131\u011f\u0131na dikkat \u00e7eken kaynak; bir\u00e7ok arac\u0131n da ta\u015f\u0131d\u0131\u011f\u0131 ter\u00f6rist vecephaneyle birlikte imha edildi\u011fini s\u00f6yledi.<\/p>\n<p><span style=\"color: #0000ff\">HALEP:<\/span><\/p>\n<p>Halep ve k\u0131rsal\u0131nda T\u00fcrkiye&#8217;deki rejimin destekledi\u011fi ter\u00f6r \u00f6rg\u00fctlere\u00a0kar\u015f\u0131 s\u00fcrd\u00fcrd\u00fc\u011f\u00fc operasyonlar\u0131 s\u0131ras\u0131nda ordu birliklerimiz; Nusra Cephesi saflar\u0131nda \u00e7ok say\u0131da ter\u00f6risti \u00f6ld\u00fcrd\u00fc. Ordu birliklerimiz Kaide \u00d6rg\u00fct\u00fcn\u00fcn Suriye kolu olan ve uluslararas\u0131 ter\u00f6r \u00f6rg\u00fctleri listesinde yer alan bu tekfirci \u00f6rg\u00fct\u00fcn katil Erdo\u011fan rejimiyle ikmal yollar\u0131 ve yuvalar\u0131n\u0131 hedef ald\u0131.<\/p>\n<p>Halep do\u011fu k\u0131rsal\u0131nda askeri kaynak; ordu birliklerimizin Rakka\u2019ya giden uluslararas\u0131 yol \u00fczerindeki Hava Akademisi \u00e7evresinde I\u015e\u0130D ter\u00f6ristlerinin toplanma merkezlerini ve cephane y\u00fckl\u00fc birka\u00e7 ara\u00e7lar\u0131n\u0131 da imha ettiklerini s\u00f6yledi.<\/p>\n<p>Kaynak ordu birliklerimizin d\u00fcn gece Halep k\u0131rsal\u0131 el \u015eakif B\u00f6lgesi, Hreytan Beldesi ve Halep &#8211; T\u00fcrkiye yolu \u00fczerinde bulunan kiral\u0131k ter\u00f6ristleri say\u0131 ve ara\u00e7lar\u0131yla a\u011f\u0131r kay\u0131plara u\u011fratt\u0131klar\u0131n\u0131 belirtti. T\u00fcrkiye rejiminden ikmal hatt\u0131 say\u0131lan Anedan B\u00f6lgesinde Nusra Cephesi ve di\u011fer tekfiri ter\u00f6r \u00f6rg\u00fctlerinin ara\u00e7 ve kararganlar\u0131na y\u00f6nelik ba\u015far\u0131l\u0131 operasyonlar d\u00fczenledni\u011fini aktaran kaynak; bu operasyonlarda aralar\u0131nda yabanc\u0131 ve saha komutannlar\u0131n\u0131n bulundu\u011fu \u00e7ok say\u0131da ter\u00f6ristin \u00f6ld\u00fcr\u00fcld\u00fc\u011f\u00fcn\u00fc, bir dizi arac\u0131n da y\u00fcleriyle birlikte imha edildi\u011fini ifade etti.<\/p>\n<p>Halep Kentinin 30 km g\u00fcneyindeki Cebel el Hus B\u00f6lgesinin Had\u0131r Beldesinde ise kaynak; ordu briliklerimizin ter\u00f6ristlerin k\u00fcmelenme yerlerini yo\u011fun ate\u015fe tutmalar\u0131yla \u00e7ok say\u0131da ter\u00f6risti bir\u00e7ok ara\u00e7la brilikte imha ettiklerini s\u00f6zlerine ekledi.<\/p>\n<p>Halep Kentinde de askeri kaynak; ordu birliklerimizin \u015eeyh Lutfi, Merce, Salihiye, Leyremun, Eski Halep, Hanano, Bostan el Pa\u015fa, el Helek, Gondol ve Baidin semtlerinde bir\u00e7ok ter\u00f6r mevkiini muhtevalar\u0131yla imha ettiklerini s\u00f6yledi.<\/p>\n<p>Bu arada ordu birliklerimiz Ovca Keyyali B\u00f6lgesinde i\u00e7indeki kiral\u0131k ter\u00f6ristler, silah ve cephaneyle birlikte bir t\u00fcneli imha ederek \u00e7ok say\u0131da ter\u00f6risti \u00f6ld\u00fcrd\u00fc.<\/p>\n<p>\u00d6te yandan\u00a0ter\u00f6rist \u00f6rg\u00fctler sosyal medyalar\u0131nda Halep ve k\u0131rsal\u0131nda say\u0131 ve te\u00e7hizat bak\u0131m\u0131ndan a\u011f\u0131r kay\u0131plara u\u011frad\u0131klar\u0131n\u0131 itiraf etti.<\/p>\n<p><span style=\"color: #0000ff\">KUNAYTRA:<\/span><\/p>\n<p>Askeri kaynak, ordu birliklerimizin Kunaytra k\u0131rsal\u0131 Ebu \u015eabta ve Resm el Havalid K\u00f6ylerinde \u0130srail ve \u00dcrd\u00fcn destekli Nusra Cephesi saflar\u0131nda bir\u00e7ok ter\u00f6risti su\u00e7 edatlar\u0131yla birlikte etkisizle\u015ftirdiklerini aktard\u0131.<\/p>\n<p><span style=\"color: #0000ff\">DERA:<\/span><\/p>\n<p>Dera k\u0131rsal\u0131n\u0131n Etman Beldesi civar\u0131ndaki Bitar \u00c7iftli\u011finde ter\u00f6ristlerin mevkilerini top ate\u015fine tutan ordu birliklerimiz \u00e7ok say\u0131da ter\u00f6risti ara\u00e7 ve cephaneleriyle birlikte etkisizle\u015ftirdi.<\/p>\n<p>Ordu birliklerimiz Dera Beled B\u00f6lgesinde ise Nusra Cephesi ve \u0130slami M\u00fcsenna Hareketine ait bir\u00e7ok arac\u0131 y\u00fckleriyle birlikte imha ederek \u00e7ok say\u0131da ter\u00f6risti \u00f6l\u00fc yaral\u0131 d\u00fc\u015f\u00fcrd\u00fc.<\/p>\n<p>Ordu birliklerimiz Baraj \u2013 Arz Cezaevi yolunda a\u011f\u0131r makineli silahla donat\u0131lm\u0131\u015f bir arac\u0131 ta\u015f\u0131d\u0131\u011f\u0131 ter\u00f6rist grupla birlikte imha etti.<\/p>\n<p><span style=\"color: #0000ff\">DEYREZZOR:<\/span><\/p>\n<p>Deyrezzor ve k\u0131rsal\u0131nda I\u015e\u0130D tekfircilerine y\u00f6nelik operasyonlar\u0131n\u0131 ba\u015far\u0131yla s\u00fcrd\u00fcren ordu birliklerimiz Huveycet Sak\u0131r ve Meyadin b\u00f6lgelerinde tekfirci \u00e7etelere ait bir\u00e7ok mevkii muhtevalar\u0131yla imha etti.<\/p>\n<p>A.A. &#8211; S.\u015e<\/p>\n","protected":false},"excerpt":{"rendered":"<p>\u0130LLER &#8211; Ter\u00f6re kar\u015f\u0131 s\u00fcrd\u00fcrd\u00fc\u011f\u00fc operasyonlar \u00e7er\u00e7evesinde ordu birliklerimiz uluslararas\u0131 ter\u00f6r listesinde yer alan I\u015e\u0130D ve Nusra Cephesi yan\u0131 s\u0131ra muhtelif adland\u0131rmalar alt\u0131ndaki di\u011fer ter\u00f6r \u00f6rg\u00fctlerini a\u011f\u0131r kay\u0131plara u\u011fratamaya devam ediyor. HASEKE: Ordu birliklerimiz bu sabah I\u015e\u0130D ter\u00f6ristlerinin Haseke Kenti \u00e7evresinde bulunan askeri kontrol noktalar\u0131na y\u00f6nelik sald\u0131r\u0131lar\u0131n\u0131 \u00e7\u00f6kertti. Haseke Valili\u011finde bir kaynak a\u00e7\u0131klamas\u0131nda, Haseke k\u0131rsal\u0131nda &hellip;<\/p>\n","protected":false},"author":1,"featured_media":35111,"comment_status":"closed","ping_status":"closed","sticky":false,"template":"","format":"standard","meta":{"footnotes":""},"categories":[575],"tags":[14873],"class_list":["post-35109","post","type-post","status-publish","format-standard","has-post-thumbnail","","category-olaylar-ve-gercekler","tag-isid-ve-nusra-cephesi-teroristlerinin-agir-kayiplari-suruyor"],"_links":{"self":[{"href":"https:\/\/archive.sana.sy\/tr\/index.php?rest_route=\/wp\/v2\/posts\/35109","targetHints":{"allow":["GET"]}}],"collection":[{"href":"https:\/\/archive.sana.sy\/tr\/index.php?rest_route=\/wp\/v2\/posts"}],"about":[{"href":"https:\/\/archive.sana.sy\/tr\/index.php?rest_route=\/wp\/v2\/types\/post"}],"author":[{"embeddable":true,"href":"https:\/\/archive.sana.sy\/tr\/index.php?rest_route=\/wp\/v2\/users\/1"}],"replies":[{"embeddable":true,"href":"https:\/\/archive.sana.sy\/tr\/index.php?rest_route=%2Fwp%2Fv2%2Fcomments&post=35109"}],"version-history":[{"count":0,"href":"https:\/\/archive.sana.sy\/tr\/index.php?rest_route=\/wp\/v2\/posts\/35109\/revisions"}],"wp:featuredmedia":[{"embeddable":true,"href":"https:\/\/archive.sana.sy\/tr\/index.php?rest_route=\/wp\/v2\/media\/35111"}],"wp:attachment":[{"href":"https:\/\/archive.sana.sy\/tr\/index.php?rest_route=%2Fwp%2Fv2%2Fmedia&parent=35109"}],"wp:term":[{"taxonomy":"category","embeddable":true,"href":"https:\/\/archive.sana.sy\/tr\/index.php?rest_route=%2Fwp%2Fv2%2Fcategories&post=35109"},{"taxonomy":"post_tag","embeddable":true,"href":"https:\/\/archive.sana.sy\/tr\/index.php?rest_route=%2Fwp%2Fv2%2Ftags&post=35109"}],"curies":[{"name":"wp","href":"https:\/\/api.w.org\/{rel}","templated":true}]}}