{"id":35115,"date":"2015-05-30T16:03:08","date_gmt":"2015-05-30T13:03:08","guid":{"rendered":"http:\/\/www.sana.sy\/tr\/?p=35115"},"modified":"2015-05-30T14:14:40","modified_gmt":"2015-05-30T11:14:40","slug":"uluslararasi-toplum-er-yada-gec-erdogan-rejiminden-hesap-soracak","status":"publish","type":"post","link":"https:\/\/archive.sana.sy\/tr\/?p=35115","title":{"rendered":"Uluslararas\u0131 Toplum Er yada Ge\u00e7 Erdo\u011fan Rejiminden Hesap Soracak"},"content":{"rendered":"<p>BEYRUT \u2013 D\u0131\u015fi\u015fleri ve Gurbet\u00e7iler Bakan\u0131 Yard\u0131mc\u0131s\u0131 Faysal Mikdat; T\u00fcrkiye&#8217;deki rejim ba\u015fkan\u0131 Receb Tayyib Erdo\u011fan\u2019\u0131n art\u0131k ne b\u00f6lgesel ne evrensel ne de T\u00fcrkiye&#8217;de hi\u00e7bir itibar yada sayg\u0131 g\u00f6rmedi\u011fini belirtti.<\/p>\n<p>L\u00fcbnanl\u0131 el Bina Gazetesinin bug\u00fcn yay\u0131nlad\u0131\u011f\u0131 makalesinde Mikdat; Erdo\u011fan\u2019\u0131n T\u00fcrkiye&#8217;de de her g\u00fcn daha \u00e7ok itibar\u0131n\u0131 yitirdi\u011fini ifade etti. Mikdat Erdo\u011fan\u2019\u0131n T\u00fcrkiye anayasas\u0131n\u0131 ihlal ederek kat\u0131ld\u0131\u011f\u0131 se\u00e7im kampanyas\u0131ndaki tutumlar\u0131n\u0131 izleyen herkesin ak\u0131l ve dengesini kaybetti\u011fini ve histerik bir duruma girdi\u011fini g\u00f6rece\u011fine dikkat \u00e7ekti. T\u00fcm bunlar\u0131n Erdo\u011fan rejiminin T\u00fcrkiye ve halk\u0131n\u0131 getirdi\u011fi kritik d\u00fczeye kan\u0131t te\u015fkil etti\u011fini de belirten Mikdat; Erdo\u011fan ve cemaati aras\u0131ndaki ciddi anla\u015fmazl\u0131klara da vurgu yapt\u0131.<\/p>\n<p>Bakan yard\u0131mc\u0131s\u0131 Mikdat Erdo\u011fan rejiminin yalan ve dolanla T\u00fcrkiye kamuoyunu aldatt\u0131\u011f\u0131n\u0131n de\u015fifre oldu\u011funu, devlet otoritesini \u015fahsi ve partisinin siyasi \u00e7\u0131karlar\u0131 hesab\u0131na kulland\u0131\u011f\u0131n net bir \u015fekilde g\u00f6r\u00fcld\u00fc\u011f\u00fcn\u00fc s\u00f6yledi. \u0130hvanc\u0131 ve zorba bir ideolojiye dayanan bu rejimin T\u00fcrkiye&#8217;de devlete tabi g\u00fc\u00e7leri eline ge\u00e7irerek bask\u0131 ve dayatmalar\u0131nda edat olarak kulland\u0131\u011f\u0131n\u0131 ifade eden Mikdat; onlara kar\u015f\u0131 \u00e7\u0131kan yada h\u0131rs\u0131zl\u0131k ve yalan dolanlar\u0131n\u0131 de\u015fifre edenleri tutuklama yada g\u00f6revden alma icraatlar\u0131na dikkat \u00e7ekti. Mikdat Erdo\u011fan rejiminin bununla kalmay\u0131p halk\u0131n servetinden gasp etti\u011fi paralarla zay\u0131f insanlar\u0131n kalemlerini ve vicdanlar\u0131n\u0131 da sat\u0131n ald\u0131\u011f\u0131n\u0131 ifade etti.<\/p>\n<p>Erdo\u011fan\u2019\u0131n insan haklar\u0131 ve demokrasiden s\u00f6z etmesini ele\u015ftiren Mikdat; mezhepsel radikalli\u011fi ve despotlu\u011funun bu konulardaki nifak\u0131n\u0131 net bir \u015fekilde ortaya koydu\u011funu belirtti.<\/p>\n<p>Mikdat Erdo\u011fan ve cemaatinin Suriye halk\u0131n\u0131 desteklediklerini ve Suriye&#8217;de demokrasi reformu yapmak istediklerini iddia ettikleri bir zamanda Suriye halk\u0131na y\u00f6nelik benzeri g\u00f6r\u00fclmemi\u015f vah\u015fetlerde bulunan I\u015e\u0130D ve Nusra dahil az\u0131l\u0131 ter\u00f6r \u00e7etelerine s\u0131n\u0131rs\u0131z destekte bulundu\u011funa dikkat \u00e7ekti. Erdo\u011fan rejiminin Suriye&#8217;de ter\u00f6re deste\u011finin g\u00fcn\u00fcm\u00fczde art\u0131k herkes taraf\u0131ndan bilindi\u011fine i\u015faret eden Mikdat; fakat bu rejimin kriz \u00f6ncesinde Suriye y\u00f6netimi ile her temas\u0131nda \u2018M\u00fcsl\u00fcman Karde\u015fler\u2019 cemaatinin faal bir \u015fekilde y\u00f6netimde olmalar\u0131n\u0131 talep etti\u011fine vurgu yapt\u0131. Mikdat Erdo\u011fan ve rejiminin Suriye y\u00f6netimi ile g\u00f6r\u00fc\u015fmelerinde temel olarak bu noktaya \u0131srarla odakland\u0131\u011f\u0131n\u0131 s\u00f6yledi. Bu cemaatin tekfircilik ve ter\u00f6rde ger\u00e7ek y\u00fcz\u00fcn\u00fcn g\u00fcn\u00fcm\u00fczde net bir \u015fekilde ortaya \u00e7\u0131kt\u0131\u011f\u0131na dikkat \u00e7eken Mikdat; Suriye&#8217;nin az\u0131l\u0131 tekfirci bir ter\u00f6r cemaati olan ihvanc\u0131lar\u0131 uzun zamandan beri tan\u0131mas\u0131yla y\u00f6netime ge\u00e7melerine kar\u015f\u0131 \u00e7\u0131kt\u0131\u011f\u0131n\u0131 ifade etti. Mikdat Erdo\u011fan\u2019\u0131n ihvanc\u0131 ideolojiyle bu ter\u00f6rist cemaati Suriye, M\u0131s\u0131r ve daha muhtelif devletlerde s\u0131n\u0131rs\u0131z bir \u015fekilde destekledi\u011fine dikkat \u00e7ekti.<\/p>\n<p>T\u00fcrkiye ve Suudi Arabistan rejimleri aras\u0131ndaki yak\u0131nl\u0131\u011fa \u0131\u015f\u0131k tutan Mikdat; iki zorba y\u00f6netimin I\u015e\u0130D, Nusra Cephesi yada ne olursa olsun ve ne pahas\u0131na olursa olsun kin ve nefretlerini kusmak i\u00e7in ter\u00f6r\u00fc destekleme \u015femsiyesi alt\u0131nda bulu\u015ftuklar\u0131na dikkat \u00e7ekti.<\/p>\n<p>Bakan Yard\u0131mc\u0131s\u0131 Mikdat Erdo\u011fan rejiminin Kaide \u00d6rg\u00fct\u00fcn\u00fcn Suriye kolu olan Nusra cephesinin temel erkanlar\u0131n\u0131 olu\u015fturdu\u011fu Fetih Ordusuna \u0130dlib Kenti, ona tabi Cisre\u015f\u015fu\u011fur Kasabas\u0131 ve daha ba\u015fka b\u00f6lgelerde direk askeri destek takdim etti\u011fini belirtti.<\/p>\n<p>T\u00fcrkiye rejiminin Kaide \u00d6rg\u00fct\u00fc dahil muhtelif adland\u0131rmalar alt\u0131ndaki ter\u00f6r \u00f6rg\u00fctlere aleni ve a\u00e7\u0131k deste\u011finin art\u0131k t\u00fcm uluslar aras\u0131 toplum taraf\u0131ndan kan\u0131tlarla g\u00f6r\u00fcld\u00fc\u011f\u00fcne dikkat \u00e7eken Mikdat; bu toplumun bu deste\u011fe sessizli\u011fini s\u00fcrd\u00fcrmesinin m\u00fcmk\u00fcn olmad\u0131\u011f\u0131n\u0131 vurgulad\u0131.<\/p>\n<p>Mikdat kim ne derse desin I\u015e\u0130D ve Kaide \u00d6rg\u00fct\u00fcn\u00fcn Suriye kolu Nusra Cephesi ile T\u00fcrkiye&#8217;deki rejim ve ABD aras\u0131ndaki ba\u011flant\u0131lar\u0131n bilindi\u011fine dikkat \u00e7ekti. Yalan ve as\u0131ls\u0131z iddialarla kamuoyunu kand\u0131rmaya \u00e7al\u0131\u015fma \u00e7abalar\u0131na i\u015faret eden Mikdat; sonu\u00e7 itibar\u0131yla baz\u0131 ger\u00e7eklerin g\u00fcn \u0131\u015f\u0131\u011f\u0131 gibi ortada oldu\u011fu, de\u011fi\u015ftirilmesinin de m\u00fcmk\u00fcn olmad\u0131\u011f\u0131n\u0131 ifade etti.<\/p>\n<p>Bakan Yard\u0131mc\u0131s\u0131 Mikdat; T\u00fcrkiye&#8217;de Erdo\u011fan ve Davuto\u011flu\u2019nun yan\u0131 s\u0131ra onlara tabi olanlar\u0131n Suriye&#8217;ye kar\u015f\u0131 kin ve nefret dolu a\u00e7\u0131klamalar\u0131n\u0131n art\u0131k kimse taraf\u0131ndan ciddiye al\u0131nmad\u0131\u011f\u0131n\u0131, sahipleriyle birlikte mide buland\u0131r\u0131c\u0131 i\u011fren\u00e7 yalanlar olarak g\u00f6r\u00fcld\u00fc\u011f\u00fcn\u00fcn alt\u0131n\u0131 \u00e7izdi.<\/p>\n<p>Makalesinin sonunda Mikdat; T\u00fcrkiye halk\u0131n\u0131n se\u00e7imlerde Erdo\u011fan rejimine hakketti\u011fi dersi verebilece\u011fine belirtti. Her \u015feye ra\u011fmen bu rejimin Suriye&#8217;de ak\u0131tt\u0131\u011f\u0131 kanlar\u0131n cezas\u0131n\u0131 mutlaka verece\u011fini ifade eden Mikdat; Suriye ve halk\u0131n\u0131n kendilerini hedef alan Erdo\u011fan rejimi ve di\u011fer yobaz Arap rejilerden hesap soraca\u011f\u0131n\u0131 kaydetti.<\/p>\n<p>A.A.<\/p>\n","protected":false},"excerpt":{"rendered":"<p>BEYRUT \u2013 D\u0131\u015fi\u015fleri ve Gurbet\u00e7iler Bakan\u0131 Yard\u0131mc\u0131s\u0131 Faysal Mikdat; T\u00fcrkiye&#8217;deki rejim ba\u015fkan\u0131 Receb Tayyib Erdo\u011fan\u2019\u0131n art\u0131k ne b\u00f6lgesel ne evrensel ne de T\u00fcrkiye&#8217;de hi\u00e7bir itibar yada sayg\u0131 g\u00f6rmedi\u011fini belirtti. L\u00fcbnanl\u0131 el Bina Gazetesinin bug\u00fcn yay\u0131nlad\u0131\u011f\u0131 makalesinde Mikdat; Erdo\u011fan\u2019\u0131n T\u00fcrkiye&#8217;de de her g\u00fcn daha \u00e7ok itibar\u0131n\u0131 yitirdi\u011fini ifade etti. Mikdat Erdo\u011fan\u2019\u0131n T\u00fcrkiye anayasas\u0131n\u0131 ihlal ederek kat\u0131ld\u0131\u011f\u0131 &hellip;<\/p>\n","protected":false},"author":1,"featured_media":35116,"comment_status":"closed","ping_status":"closed","sticky":false,"template":"","format":"standard","meta":{"footnotes":""},"categories":[558,556,458,459,447,2554,2555],"tags":[],"class_list":["post-35115","post","type-post","status-publish","format-standard","has-post-thumbnail","","category-arap-basini","category-basin","category-dunya1","category-haberler-arap-uluslararasi-politika","category-politika","category-suriye-ve-dunya","category-suriye-ve-turkiye"],"_links":{"self":[{"href":"https:\/\/archive.sana.sy\/tr\/index.php?rest_route=\/wp\/v2\/posts\/35115","targetHints":{"allow":["GET"]}}],"collection":[{"href":"https:\/\/archive.sana.sy\/tr\/index.php?rest_route=\/wp\/v2\/posts"}],"about":[{"href":"https:\/\/archive.sana.sy\/tr\/index.php?rest_route=\/wp\/v2\/types\/post"}],"author":[{"embeddable":true,"href":"https:\/\/archive.sana.sy\/tr\/index.php?rest_route=\/wp\/v2\/users\/1"}],"replies":[{"embeddable":true,"href":"https:\/\/archive.sana.sy\/tr\/index.php?rest_route=%2Fwp%2Fv2%2Fcomments&post=35115"}],"version-history":[{"count":0,"href":"https:\/\/archive.sana.sy\/tr\/index.php?rest_route=\/wp\/v2\/posts\/35115\/revisions"}],"wp:featuredmedia":[{"embeddable":true,"href":"https:\/\/archive.sana.sy\/tr\/index.php?rest_route=\/wp\/v2\/media\/35116"}],"wp:attachment":[{"href":"https:\/\/archive.sana.sy\/tr\/index.php?rest_route=%2Fwp%2Fv2%2Fmedia&parent=35115"}],"wp:term":[{"taxonomy":"category","embeddable":true,"href":"https:\/\/archive.sana.sy\/tr\/index.php?rest_route=%2Fwp%2Fv2%2Fcategories&post=35115"},{"taxonomy":"post_tag","embeddable":true,"href":"https:\/\/archive.sana.sy\/tr\/index.php?rest_route=%2Fwp%2Fv2%2Ftags&post=35115"}],"curies":[{"name":"wp","href":"https:\/\/api.w.org\/{rel}","templated":true}]}}