{"id":35121,"date":"2015-05-30T16:36:53","date_gmt":"2015-05-30T13:36:53","guid":{"rendered":"http:\/\/www.sana.sy\/tr\/?p=35121"},"modified":"2015-05-31T12:50:17","modified_gmt":"2015-05-31T09:50:17","slug":"basbakan-idlib-milletvekilleriyle-gorustu","status":"publish","type":"post","link":"https:\/\/archive.sana.sy\/tr\/?p=35121","title":{"rendered":"Ba\u015fbakan \u0130dlib Milletvekilleriyle G\u00f6r\u00fc\u015ft\u00fc.. \u00c7ift\u00e7ilerle Bir Araya Geldi"},"content":{"rendered":"<p>\u015eAM \u2013 Ba\u015fbakan Vail el Halaki bug\u00fcn Halk Meclisinde \u0130dlib ili milletvekilleriyle bir araya geldi.<\/p>\n<p><a href=\"http:\/\/www.sana.sy\/tr\/wp-content\/uploads\/2015\/05\/Ba\u015fbakan-\u0130dlib-Milletvekilleriyle-G\u00f6r\u00fc\u015ft\u00fc-2.jpg\"><img loading=\"lazy\" decoding=\"async\" class=\"alignright wp-image-35123 size-medium\" src=\"http:\/\/www.sana.sy\/tr\/wp-content\/uploads\/2015\/05\/Ba\u015fbakan-\u0130dlib-Milletvekilleriyle-G\u00f6r\u00fc\u015ft\u00fc-2-300x200.jpg\" alt=\"Ba\u015fbakan \u0130dlib Milletvekilleriyle G\u00f6r\u00fc\u015ft\u00fc 2\" width=\"300\" height=\"200\" srcset=\"https:\/\/archive.sana.sy\/tr\/wp-content\/uploads\/2015\/05\/Ba\u015fbakan-\u0130dlib-Milletvekilleriyle-G\u00f6r\u00fc\u015ft\u00fc-2-300x200.jpg 300w, https:\/\/archive.sana.sy\/tr\/wp-content\/uploads\/2015\/05\/Ba\u015fbakan-\u0130dlib-Milletvekilleriyle-G\u00f6r\u00fc\u015ft\u00fc-2-150x100.jpg 150w, https:\/\/archive.sana.sy\/tr\/wp-content\/uploads\/2015\/05\/Ba\u015fbakan-\u0130dlib-Milletvekilleriyle-G\u00f6r\u00fc\u015ft\u00fc-2-1024x681.jpg 1024w\" sizes=\"auto, (max-width: 300px) 100vw, 300px\" \/><\/a>T\u00fcrkiye&#8217;deki rejimin destekledi\u011fi tekfirci ve hain ter\u00f6r \u00e7etelerinin vah\u015fetinden ka\u00e7an \u0130dlibli ailelerin ge\u00e7ici olarak ikamet ettikleri yerlerde ihtiya\u00e7lar\u0131n\u0131n kar\u015f\u0131lanmas\u0131 konusunun ele al\u0131nd\u0131\u011f\u0131 g\u00f6r\u00fc\u015fmede; yasama ve y\u00fcr\u00fctme otoriteleri aras\u0131nda koordinasyon ve i\u015fbirli\u011finin peki\u015ftirilmesi \u00f6nemine dikkat \u00e7ekildi.<\/p>\n<p>G\u00f6r\u00fc\u015fmede Ba\u015fbakan Halaki h\u00fck\u00fcmetin, ter\u00f6ristlerin deh\u015fet ve katliamlar\u0131 nedeniyle Ariha Kasabas\u0131ndan ka\u00e7an ailelere ge\u00e7ici ikamet yerleri temin etme ve ihtiya\u00e7lar\u0131n\u0131 kar\u015f\u0131lamaya b\u00fcy\u00fck \u00f6zen ve \u00e7aba harcad\u0131\u011f\u0131n\u0131 belirtti. Halaki \u0130dlib Kenti ve k\u0131rsal\u0131nda ya\u015fanan ter\u00f6r vah\u015fetlerinin T\u00fcrkiye&#8217;deki rejimin tekfirci ve hain ter\u00f6ristlere sa\u011flad\u0131\u011f\u0131 s\u0131n\u0131rs\u0131z destek nedeniyle medyana geldi\u011fine dikkat \u00e7ekti.<\/p>\n<p><img loading=\"lazy\" decoding=\"async\" class=\"alignright wp-image-35124 size-medium\" src=\"http:\/\/www.sana.sy\/tr\/wp-content\/uploads\/2015\/05\/Ba\u015fbakan-\u0130dlib-Milletvekilleriyle-G\u00f6r\u00fc\u015ft\u00fc-3-300x200.jpg\" alt=\"Ba\u015fbakan \u0130dlib Milletvekilleriyle G\u00f6r\u00fc\u015ft\u00fc 3\" width=\"300\" height=\"200\" srcset=\"https:\/\/archive.sana.sy\/tr\/wp-content\/uploads\/2015\/05\/Ba\u015fbakan-\u0130dlib-Milletvekilleriyle-G\u00f6r\u00fc\u015ft\u00fc-3-300x200.jpg 300w, https:\/\/archive.sana.sy\/tr\/wp-content\/uploads\/2015\/05\/Ba\u015fbakan-\u0130dlib-Milletvekilleriyle-G\u00f6r\u00fc\u015ft\u00fc-3-150x100.jpg 150w, https:\/\/archive.sana.sy\/tr\/wp-content\/uploads\/2015\/05\/Ba\u015fbakan-\u0130dlib-Milletvekilleriyle-G\u00f6r\u00fc\u015ft\u00fc-3-1024x681.jpg 1024w\" sizes=\"auto, (max-width: 300px) 100vw, 300px\" \/>Suriye halk\u0131n\u0131n ger\u00e7ek d\u00fc\u015fmanlar\u0131n\u0131n ordu birliklerimizin halkla omuz omuza muhtelif b\u00f6lgelerde sa\u011flad\u0131klar\u0131 zaferlerden rahats\u0131z olduklar\u0131na dikkat \u00e7eken Halaki; bundan dolay\u0131 da tekfirci ve hain edatlarla askeri, ekonomik, psikolojik ve dezenformasyon sald\u0131r\u0131lar\u0131n\u0131 t\u0131rmand\u0131rd\u0131klar\u0131na vurgu yapt\u0131.<\/p>\n<p>Halaki her \u015feye ra\u011fmen Suriye ordusunun ellerindeki veri ve stratejiyle ter\u00f6r\u00fc k\u00f6k\u00fcnden bertaraf etme g\u00fcc\u00fcnde oldu\u011funu, halk\u0131yla kenetle\u015fen bir ordunun yenilmesinin m\u00fcmk\u00fcn olmad\u0131\u011f\u0131n\u0131 vurgulad\u0131.<\/p>\n<p>\u0130dlib ili milletvekilleri ise g\u00f6r\u00fc\u015fmelerinde tekfirci ve hain ter\u00f6r \u00e7etelerinin ordu birlikleri taraf\u0131ndan bertaraf edilecekleri konusunda hi\u00e7bir ku\u015fkular\u0131 olmad\u0131\u011f\u0131n\u0131 ifade etti.<\/p>\n<p><span style=\"color: #0000ff\">Halaki: H\u00fck\u00fcmet Tar\u0131m Hayvanc\u0131l\u0131k ve Sanayinin Geli\u015fmesine \u00d6nem Veriyor<\/span><\/p>\n<p>Ba\u015fbakan Vail el Halaki, \u015eam K\u0131rsal\u0131 T\u00fcccar, \u00c7ift\u00e7i ve Toplumsal Temsilcilerle bir araya gelerek sebze-meyve ve di\u011fer tar\u0131m \u00fcr\u00fcnlerinin sat\u0131laca\u011f\u0131 yeni pazarlar bulma y\u00f6ntemleri ve hayvanc\u0131l\u0131k serveti i\u00e7in a\u015f\u0131-yem temin etme y\u00f6ntemlerini inceledi.<\/p>\n<p>Tar\u0131m-g\u0131da sanayi \u00fcretimini geli\u015ftirme y\u00f6ntemlerinin de incelendi\u011fi toplant\u0131da ayr\u0131ca \u015eam K\u0131rsal\u0131nda silahl\u0131 ter\u00f6r gruplar\u0131 taraf\u0131ndan zul\u00fcm ablukas\u0131na al\u0131nan b\u00f6lgelere g\u0131da ve insani yard\u0131m ula\u015ft\u0131rman\u0131n \u00f6nemi vurguland\u0131.<\/p>\n<p>\u015eam K\u0131rsal\u0131nda ulusal uzla\u015fma \u00e7al\u0131\u015fmalar\u0131n\u0131n ba\u015far\u0131s\u0131n\u0131n di\u011fer iller i\u00e7in \u00f6rnek te\u015fkil etti\u011fini dile getiren Halaki, h\u00fck\u00fcmetin tar\u0131m, hayvanc\u0131l\u0131k, sanayi, ticaret ve kalk\u0131nma alanlar\u0131n\u0131n geli\u015fmesine b\u00fcy\u00fck \u00f6nem verdi\u011fini beyan etti.<\/p>\n<p>\u00d6te yandan T\u00fcccar, \u00c7ift\u00e7i ve Toplumsal Temsilciler heyeti \u00fcyeleri h\u00fck\u00fcmetin, hizmet sekt\u00f6r\u00fcn\u00fcn performans\u0131n\u0131 y\u00fckseltme ve tar\u0131m-hayvanc\u0131l\u0131k-sanayi \u00fcretimi ihtiya\u00e7lar\u0131n\u0131 kar\u015f\u0131lamak i\u00e7in harcad\u0131\u011f\u0131 \u00e7abay\u0131 takdirle kar\u015f\u0131lad\u0131klar\u0131n\u0131 ifade ettiler.<\/p>\n<p>A.A. &#8211; F.B<\/p>\n","protected":false},"excerpt":{"rendered":"<p>\u015eAM \u2013 Ba\u015fbakan Vail el Halaki bug\u00fcn Halk Meclisinde \u0130dlib ili milletvekilleriyle bir araya geldi. T\u00fcrkiye&#8217;deki rejimin destekledi\u011fi tekfirci ve hain ter\u00f6r \u00e7etelerinin vah\u015fetinden ka\u00e7an \u0130dlibli ailelerin ge\u00e7ici olarak ikamet ettikleri yerlerde ihtiya\u00e7lar\u0131n\u0131n kar\u015f\u0131lanmas\u0131 konusunun ele al\u0131nd\u0131\u011f\u0131 g\u00f6r\u00fc\u015fmede; yasama ve y\u00fcr\u00fctme otoriteleri aras\u0131nda koordinasyon ve i\u015fbirli\u011finin peki\u015ftirilmesi \u00f6nemine dikkat \u00e7ekildi. G\u00f6r\u00fc\u015fmede Ba\u015fbakan Halaki h\u00fck\u00fcmetin, ter\u00f6ristlerin &hellip;<\/p>\n","protected":false},"author":1,"featured_media":35122,"comment_status":"closed","ping_status":"closed","sticky":false,"template":"","format":"standard","meta":{"footnotes":""},"categories":[479,2554,2555,478],"tags":[14880,14874],"class_list":["post-35121","post","type-post","status-publish","format-standard","has-post-thumbnail","","category-haberler-yerel","category-suriye-ve-dunya","category-suriye-ve-turkiye","category-yerel","tag-basbakan-idlib-milletvekilleriyle-gorustu-ciftcilerle-bir-araya-geldi","tag-sam-basbakan-vail-el-halaki-bugun-halk-meclisinde-idlib-ili-milletvekilleriyle-bir-araya-geldi"],"_links":{"self":[{"href":"https:\/\/archive.sana.sy\/tr\/index.php?rest_route=\/wp\/v2\/posts\/35121","targetHints":{"allow":["GET"]}}],"collection":[{"href":"https:\/\/archive.sana.sy\/tr\/index.php?rest_route=\/wp\/v2\/posts"}],"about":[{"href":"https:\/\/archive.sana.sy\/tr\/index.php?rest_route=\/wp\/v2\/types\/post"}],"author":[{"embeddable":true,"href":"https:\/\/archive.sana.sy\/tr\/index.php?rest_route=\/wp\/v2\/users\/1"}],"replies":[{"embeddable":true,"href":"https:\/\/archive.sana.sy\/tr\/index.php?rest_route=%2Fwp%2Fv2%2Fcomments&post=35121"}],"version-history":[{"count":0,"href":"https:\/\/archive.sana.sy\/tr\/index.php?rest_route=\/wp\/v2\/posts\/35121\/revisions"}],"wp:featuredmedia":[{"embeddable":true,"href":"https:\/\/archive.sana.sy\/tr\/index.php?rest_route=\/wp\/v2\/media\/35122"}],"wp:attachment":[{"href":"https:\/\/archive.sana.sy\/tr\/index.php?rest_route=%2Fwp%2Fv2%2Fmedia&parent=35121"}],"wp:term":[{"taxonomy":"category","embeddable":true,"href":"https:\/\/archive.sana.sy\/tr\/index.php?rest_route=%2Fwp%2Fv2%2Fcategories&post=35121"},{"taxonomy":"post_tag","embeddable":true,"href":"https:\/\/archive.sana.sy\/tr\/index.php?rest_route=%2Fwp%2Fv2%2Ftags&post=35121"}],"curies":[{"name":"wp","href":"https:\/\/api.w.org\/{rel}","templated":true}]}}