{"id":35126,"date":"2015-05-30T14:54:51","date_gmt":"2015-05-30T11:54:51","guid":{"rendered":"http:\/\/www.sana.sy\/tr\/?p=35126"},"modified":"2015-05-31T16:26:26","modified_gmt":"2015-05-31T13:26:26","slug":"abdulhadi-el-esad-yonetimindeki-suriye-filistinlilerin-guvencesidir","status":"publish","type":"post","link":"https:\/\/archive.sana.sy\/tr\/?p=35126","title":{"rendered":"Abd\u00fclhadi: El Esad Y\u00f6netimindeki Suriye, Filistinlilerin G\u00fcvencesidir"},"content":{"rendered":"<p>\u015eAM \u2013 Ba\u015fbakan Vail el Halaki bug\u00fcn Filistin Kurtulu\u015f \u00d6rg\u00fct\u00fc Siyasi Daire Direkt\u00f6r\u00fc Enver Abd\u00fclhadi ile g\u00f6r\u00fc\u015fmesinde Suriye&#8217;nin ulusal ve milli tutumlar\u0131 nedeniyle maruz kald\u0131\u011f\u0131 evrensel sava\u015fa ra\u011fmen Filistin davas\u0131n\u0131n milli davalar\u0131n\u0131n ba\u015f\u0131nda yer almaya devam edece\u011fini belirtti.<\/p>\n<p><a href=\"http:\/\/www.sana.sy\/tr\/wp-content\/uploads\/2015\/05\/Abd\u00fclhadi-El-Esad-Y\u00f6netimindeki-Suriye-Filistinlilerin-G\u00fcvencesidir-2.jpg\"><img loading=\"lazy\" decoding=\"async\" class=\"alignright wp-image-35129 size-medium\" src=\"http:\/\/www.sana.sy\/tr\/wp-content\/uploads\/2015\/05\/Abd\u00fclhadi-El-Esad-Y\u00f6netimindeki-Suriye-Filistinlilerin-G\u00fcvencesidir-2-300x200.jpg\" alt=\"Abd\u00fclhadi - El Esad Y\u00f6netimindeki Suriye, Filistinlilerin G\u00fcvencesidir 2\" width=\"300\" height=\"200\" srcset=\"https:\/\/archive.sana.sy\/tr\/wp-content\/uploads\/2015\/05\/Abd\u00fclhadi-El-Esad-Y\u00f6netimindeki-Suriye-Filistinlilerin-G\u00fcvencesidir-2-300x200.jpg 300w, https:\/\/archive.sana.sy\/tr\/wp-content\/uploads\/2015\/05\/Abd\u00fclhadi-El-Esad-Y\u00f6netimindeki-Suriye-Filistinlilerin-G\u00fcvencesidir-2-150x100.jpg 150w, https:\/\/archive.sana.sy\/tr\/wp-content\/uploads\/2015\/05\/Abd\u00fclhadi-El-Esad-Y\u00f6netimindeki-Suriye-Filistinlilerin-G\u00fcvencesidir-2-1024x681.jpg 1024w\" sizes=\"auto, (max-width: 300px) 100vw, 300px\" \/><\/a>Ba\u015fbakan Halaki b\u00f6lge ve halklar\u0131n\u0131 hedef alan Bat\u0131l\u0131 ve Siyo-Amerikan planlara kar\u015f\u0131 tutumundan dolay\u0131 b\u00f6lgesel rejimlerin i\u015fbirli\u011fi ile edat olarak kullan\u0131lan ter\u00f6r sald\u0131r\u0131lar\u0131na maruz kalmas\u0131n\u0131n Filistin davas\u0131 ve Filistin halk\u0131n\u0131n haklar\u0131n\u0131 savunma ilkelerinden caymayaca\u011f\u0131n\u0131 ifade etti.<\/p>\n<p>Arap ve M\u00fcsl\u00fcman kimi rejimlerin Filistin davas\u0131n\u0131 satt\u0131klar\u0131na i\u015faret eden Halaki; Siyonist \u0130srail ve Bat\u0131l\u0131 devletlerin i\u015fbirlik\u00e7ileri bu rejimlerin bizzat kendilerinin Suriye halk\u0131na sava\u015f\u0131 ta\u015feron olarak y\u00fcr\u00fctt\u00fcklerine dikkat \u00e7ekti.<\/p>\n<p>Halaki Suriye ve halk\u0131n\u0131 katledip y\u0131kmay\u0131 hedefleyen bu sava\u015f\u0131n ger\u00e7ek y\u00fcz\u00fcn\u00fcn art\u0131k herkes taraf\u0131ndan bilindi\u011fini ifade ederken; Bat\u0131l\u0131 ve Siyonist \u015firketlerin k\u00f6rfez \u015feyhlerinin paralar\u0131yla silah \u00fcrettiklerini, karde\u015fleri birbirlerine d\u00fc\u015f\u00fcr\u00fcp bu silahlar\u0131 onlara satt\u0131klar\u0131n\u0131 s\u00f6yledi.<\/p>\n<p><a href=\"http:\/\/www.sana.sy\/tr\/wp-content\/uploads\/2015\/05\/Abd\u00fclhadi-El-Esad-Y\u00f6netimindeki-Suriye-Filistinlilerin-G\u00fcvencesidir-3.jpg\"><img loading=\"lazy\" decoding=\"async\" class=\"alignright wp-image-35130 size-medium\" src=\"http:\/\/www.sana.sy\/tr\/wp-content\/uploads\/2015\/05\/Abd\u00fclhadi-El-Esad-Y\u00f6netimindeki-Suriye-Filistinlilerin-G\u00fcvencesidir-3-300x200.jpg\" alt=\"Abd\u00fclhadi - El Esad Y\u00f6netimindeki Suriye, Filistinlilerin G\u00fcvencesidir 3\" width=\"300\" height=\"200\" srcset=\"https:\/\/archive.sana.sy\/tr\/wp-content\/uploads\/2015\/05\/Abd\u00fclhadi-El-Esad-Y\u00f6netimindeki-Suriye-Filistinlilerin-G\u00fcvencesidir-3-300x200.jpg 300w, https:\/\/archive.sana.sy\/tr\/wp-content\/uploads\/2015\/05\/Abd\u00fclhadi-El-Esad-Y\u00f6netimindeki-Suriye-Filistinlilerin-G\u00fcvencesidir-3-150x100.jpg 150w, https:\/\/archive.sana.sy\/tr\/wp-content\/uploads\/2015\/05\/Abd\u00fclhadi-El-Esad-Y\u00f6netimindeki-Suriye-Filistinlilerin-G\u00fcvencesidir-3-1024x681.jpg 1024w\" sizes=\"auto, (max-width: 300px) 100vw, 300px\" \/><\/a>Suriye&#8217;de ya\u015fayan Filistinli m\u00fcltecilerin Suriye vatanda\u015flar\u0131ndan hi\u00e7bir farklar\u0131 olmay\u0131p ayn\u0131 muameleyi g\u00f6rd\u00fcklerine dikkat \u00e7eken Halaki; Filistinli m\u00fclteciler ve Suriyelilerin karde\u015f\u00e7e ya\u015fad\u0131klar\u0131n\u0131 ve birbirlerinin ac\u0131lar\u0131n\u0131 payla\u015ft\u0131klar\u0131n\u0131 belirtti.<\/p>\n<p>G\u00f6r\u00fc\u015fmede Abd\u00fclhadi ordu, halk ve y\u00f6netim olarak tek v\u00fccut haline gelen Suriye&#8217;nin tekfirci ve hain ter\u00f6re kar\u015f\u0131 zafer kazanmas\u0131n\u0131n ka\u00e7\u0131n\u0131lmaz oldu\u011funu, bu konuda da kesinlikle ku\u015fkusu olmad\u0131\u011f\u0131n\u0131 belirtti.<\/p>\n<p>Abd\u00fclhadi Filistin halk\u0131n\u0131n, Cumhurba\u015fkan\u0131 Be\u015f\u015far el Esad y\u00f6netimindeki Suriye&#8217;nin Filistinlilerin me\u015fru haklar\u0131n\u0131n g\u00fcvencesi oldu\u011funa inanmas\u0131yla Suriye&#8217;yi destekledi\u011fini ifade etti.<\/p>\n<p>A.A.<\/p>\n","protected":false},"excerpt":{"rendered":"<p>\u015eAM \u2013 Ba\u015fbakan Vail el Halaki bug\u00fcn Filistin Kurtulu\u015f \u00d6rg\u00fct\u00fc Siyasi Daire Direkt\u00f6r\u00fc Enver Abd\u00fclhadi ile g\u00f6r\u00fc\u015fmesinde Suriye&#8217;nin ulusal ve milli tutumlar\u0131 nedeniyle maruz kald\u0131\u011f\u0131 evrensel sava\u015fa ra\u011fmen Filistin davas\u0131n\u0131n milli davalar\u0131n\u0131n ba\u015f\u0131nda yer almaya devam edece\u011fini belirtti. Ba\u015fbakan Halaki b\u00f6lge ve halklar\u0131n\u0131 hedef alan Bat\u0131l\u0131 ve Siyo-Amerikan planlara kar\u015f\u0131 tutumundan dolay\u0131 b\u00f6lgesel rejimlerin i\u015fbirli\u011fi &hellip;<\/p>\n","protected":false},"author":1,"featured_media":35128,"comment_status":"closed","ping_status":"closed","sticky":false,"template":"","format":"standard","meta":{"footnotes":""},"categories":[479,478],"tags":[],"class_list":["post-35126","post","type-post","status-publish","format-standard","has-post-thumbnail","","category-haberler-yerel","category-yerel"],"_links":{"self":[{"href":"https:\/\/archive.sana.sy\/tr\/index.php?rest_route=\/wp\/v2\/posts\/35126","targetHints":{"allow":["GET"]}}],"collection":[{"href":"https:\/\/archive.sana.sy\/tr\/index.php?rest_route=\/wp\/v2\/posts"}],"about":[{"href":"https:\/\/archive.sana.sy\/tr\/index.php?rest_route=\/wp\/v2\/types\/post"}],"author":[{"embeddable":true,"href":"https:\/\/archive.sana.sy\/tr\/index.php?rest_route=\/wp\/v2\/users\/1"}],"replies":[{"embeddable":true,"href":"https:\/\/archive.sana.sy\/tr\/index.php?rest_route=%2Fwp%2Fv2%2Fcomments&post=35126"}],"version-history":[{"count":0,"href":"https:\/\/archive.sana.sy\/tr\/index.php?rest_route=\/wp\/v2\/posts\/35126\/revisions"}],"wp:featuredmedia":[{"embeddable":true,"href":"https:\/\/archive.sana.sy\/tr\/index.php?rest_route=\/wp\/v2\/media\/35128"}],"wp:attachment":[{"href":"https:\/\/archive.sana.sy\/tr\/index.php?rest_route=%2Fwp%2Fv2%2Fmedia&parent=35126"}],"wp:term":[{"taxonomy":"category","embeddable":true,"href":"https:\/\/archive.sana.sy\/tr\/index.php?rest_route=%2Fwp%2Fv2%2Fcategories&post=35126"},{"taxonomy":"post_tag","embeddable":true,"href":"https:\/\/archive.sana.sy\/tr\/index.php?rest_route=%2Fwp%2Fv2%2Ftags&post=35126"}],"curies":[{"name":"wp","href":"https:\/\/api.w.org\/{rel}","templated":true}]}}