{"id":35134,"date":"2015-05-30T17:16:50","date_gmt":"2015-05-30T14:16:50","guid":{"rendered":"http:\/\/www.sana.sy\/tr\/?p=35134"},"modified":"2015-05-30T17:16:50","modified_gmt":"2015-05-30T14:16:50","slug":"haseke-kentinde-yasam-normal-seyrinde","status":"publish","type":"post","link":"https:\/\/archive.sana.sy\/tr\/?p=35134","title":{"rendered":"Haseke Kentinde Ya\u015fam Normal Seyrinde"},"content":{"rendered":"<p>HASEKE \u2013 Haseke Valili\u011finde yetkili bir kaynak ter\u00f6r ve \u015fiddet provokat\u00f6r\u00fc kimi medya ara\u00e7lar\u0131n\u0131n Haseke Kentindeki g\u00fcvenlik durumlar\u0131na ili\u015fkin yaymaya \u00e7al\u0131\u015ft\u0131klar\u0131 as\u0131ls\u0131z iddialar ve spek\u00fclasyonlar\u0131n ger\u00e7ekle ilgisi olmad\u0131\u011f\u0131n\u0131 belirtti.<\/p>\n<p>SANA\u2019ya a\u00e7\u0131klamas\u0131nda; kentte ya\u015fam\u0131n normal bir \u015fekilde seyir etti\u011fini, devlet kurumlar\u0131 ve personellerinin de normal bir \u015fekilde g\u00f6rev ve hizmetlerini yerine getirdiklerini belirtti. Kaynak I\u015e\u0130D \u00e7etelerinin bug\u00fcn sabah saatlerinde sivil yerle\u015fim alanlar\u0131 ve Maliye M\u00fcd\u00fcrl\u00fc\u011f\u00fc civar\u0131n\u0131 havan mermileriyle hedef almalar\u0131 haricinde kentte al\u0131\u015f\u0131lagelmi\u015fin d\u0131\u015f\u0131nda hi\u00e7bir durum bulunmad\u0131\u011f\u0131n\u0131 ifade etti.<\/p>\n<p>Ordu birliklerimizin Haseke k\u0131rsal\u0131n\u0131n muhtelif b\u00f6lgelerinde onlarca k\u00f6y\u00fc I\u015e\u0130D \u00e7etelerinden temizleyip ahalisinin can ve mal g\u00fcvenli\u011fini sa\u011flama ba\u015far\u0131lar\u0131n\u0131n d\u00fc\u015fmanlar\u0131 rahats\u0131z etti\u011fini ifade eden kaynak; bu ba\u015far\u0131lar\u0131 buland\u0131rmak amac\u0131yla as\u0131ls\u0131z spek\u00fclasyonlar yaymaya \u00e7al\u0131\u015ft\u0131klar\u0131na dikkat \u00e7ekti.<\/p>\n<p>A.A.<\/p>\n","protected":false},"excerpt":{"rendered":"<p>HASEKE \u2013 Haseke Valili\u011finde yetkili bir kaynak ter\u00f6r ve \u015fiddet provokat\u00f6r\u00fc kimi medya ara\u00e7lar\u0131n\u0131n Haseke Kentindeki g\u00fcvenlik durumlar\u0131na ili\u015fkin yaymaya \u00e7al\u0131\u015ft\u0131klar\u0131 as\u0131ls\u0131z iddialar ve spek\u00fclasyonlar\u0131n ger\u00e7ekle ilgisi olmad\u0131\u011f\u0131n\u0131 belirtti. SANA\u2019ya a\u00e7\u0131klamas\u0131nda; kentte ya\u015fam\u0131n normal bir \u015fekilde seyir etti\u011fini, devlet kurumlar\u0131 ve personellerinin de normal bir \u015fekilde g\u00f6rev ve hizmetlerini yerine getirdiklerini belirtti. Kaynak I\u015e\u0130D \u00e7etelerinin &hellip;<\/p>\n","protected":false},"author":1,"featured_media":35136,"comment_status":"closed","ping_status":"closed","sticky":false,"template":"","format":"standard","meta":{"footnotes":""},"categories":[479,575,478],"tags":[],"class_list":["post-35134","post","type-post","status-publish","format-standard","has-post-thumbnail","","category-haberler-yerel","category-olaylar-ve-gercekler","category-yerel"],"_links":{"self":[{"href":"https:\/\/archive.sana.sy\/tr\/index.php?rest_route=\/wp\/v2\/posts\/35134","targetHints":{"allow":["GET"]}}],"collection":[{"href":"https:\/\/archive.sana.sy\/tr\/index.php?rest_route=\/wp\/v2\/posts"}],"about":[{"href":"https:\/\/archive.sana.sy\/tr\/index.php?rest_route=\/wp\/v2\/types\/post"}],"author":[{"embeddable":true,"href":"https:\/\/archive.sana.sy\/tr\/index.php?rest_route=\/wp\/v2\/users\/1"}],"replies":[{"embeddable":true,"href":"https:\/\/archive.sana.sy\/tr\/index.php?rest_route=%2Fwp%2Fv2%2Fcomments&post=35134"}],"version-history":[{"count":0,"href":"https:\/\/archive.sana.sy\/tr\/index.php?rest_route=\/wp\/v2\/posts\/35134\/revisions"}],"wp:featuredmedia":[{"embeddable":true,"href":"https:\/\/archive.sana.sy\/tr\/index.php?rest_route=\/wp\/v2\/media\/35136"}],"wp:attachment":[{"href":"https:\/\/archive.sana.sy\/tr\/index.php?rest_route=%2Fwp%2Fv2%2Fmedia&parent=35134"}],"wp:term":[{"taxonomy":"category","embeddable":true,"href":"https:\/\/archive.sana.sy\/tr\/index.php?rest_route=%2Fwp%2Fv2%2Fcategories&post=35134"},{"taxonomy":"post_tag","embeddable":true,"href":"https:\/\/archive.sana.sy\/tr\/index.php?rest_route=%2Fwp%2Fv2%2Ftags&post=35134"}],"curies":[{"name":"wp","href":"https:\/\/api.w.org\/{rel}","templated":true}]}}