{"id":35135,"date":"2015-05-30T12:15:27","date_gmt":"2015-05-30T09:15:27","guid":{"rendered":"http:\/\/www.sana.sy\/tr\/?p=35135"},"modified":"2015-05-30T17:20:36","modified_gmt":"2015-05-30T14:20:36","slug":"haseke-kentine-havan-saldirilari","status":"publish","type":"post","link":"https:\/\/archive.sana.sy\/tr\/?p=35135","title":{"rendered":"Haseke Kentine Havan Sald\u0131r\u0131lar\u0131"},"content":{"rendered":"<p>HASEKE \u2013 I\u015e\u0130D tekfirci \u00e7eteleri bug\u00fcn sabah saatlerinde Haseke Kentinin sivil yerle\u015fim alanlar\u0131na havan toplar\u0131yla sald\u0131rd\u0131.<\/p>\n<p>Haseke Valili\u011finde bir kaynak tekfircilerin f\u0131rlatt\u0131klar\u0131 havan mermilerinin Ebu el Zer el \u011eaffari okulunun sahas\u0131, Albal Restoran\u0131 yak\u0131nlar\u0131, Bab el Hara Kafeteryas\u0131 ve Reis Meydan\u0131 civar\u0131nda d\u00fc\u015ft\u00fcklerini s\u00f6yledi. Kaynak hain sald\u0131r\u0131lar sonucunda 2 sivil vatanda\u015f\u0131n \u015fehit, 19 vatanda\u015f\u0131n da yaral\u0131 d\u00fc\u015ft\u00fcklerini aktar\u0131rken, \u00f6zel ve kamu m\u00fclklerde b\u00fcy\u00fck hasarlar\u0131n olu\u015ftu\u011funu s\u00f6zlerine ekledi.<\/p>\n<p>A.A.<\/p>\n","protected":false},"excerpt":{"rendered":"<p>HASEKE \u2013 I\u015e\u0130D tekfirci \u00e7eteleri bug\u00fcn sabah saatlerinde Haseke Kentinin sivil yerle\u015fim alanlar\u0131na havan toplar\u0131yla sald\u0131rd\u0131. Haseke Valili\u011finde bir kaynak tekfircilerin f\u0131rlatt\u0131klar\u0131 havan mermilerinin Ebu el Zer el \u011eaffari okulunun sahas\u0131, Albal Restoran\u0131 yak\u0131nlar\u0131, Bab el Hara Kafeteryas\u0131 ve Reis Meydan\u0131 civar\u0131nda d\u00fc\u015ft\u00fcklerini s\u00f6yledi. Kaynak hain sald\u0131r\u0131lar sonucunda 2 sivil vatanda\u015f\u0131n \u015fehit, 19 vatanda\u015f\u0131n da &hellip;<\/p>\n","protected":false},"author":1,"featured_media":35138,"comment_status":"closed","ping_status":"closed","sticky":false,"template":"","format":"standard","meta":{"footnotes":""},"categories":[575],"tags":[14875],"class_list":["post-35135","post","type-post","status-publish","format-standard","has-post-thumbnail","","category-olaylar-ve-gercekler","tag-haseke-isid-tekfirci-ceteleri-bugun-sabah-saatlerinde-haseke-kentinin-sivil-yerlesim-alanlarina-havan-toplariyla-saldirdi"],"_links":{"self":[{"href":"https:\/\/archive.sana.sy\/tr\/index.php?rest_route=\/wp\/v2\/posts\/35135","targetHints":{"allow":["GET"]}}],"collection":[{"href":"https:\/\/archive.sana.sy\/tr\/index.php?rest_route=\/wp\/v2\/posts"}],"about":[{"href":"https:\/\/archive.sana.sy\/tr\/index.php?rest_route=\/wp\/v2\/types\/post"}],"author":[{"embeddable":true,"href":"https:\/\/archive.sana.sy\/tr\/index.php?rest_route=\/wp\/v2\/users\/1"}],"replies":[{"embeddable":true,"href":"https:\/\/archive.sana.sy\/tr\/index.php?rest_route=%2Fwp%2Fv2%2Fcomments&post=35135"}],"version-history":[{"count":0,"href":"https:\/\/archive.sana.sy\/tr\/index.php?rest_route=\/wp\/v2\/posts\/35135\/revisions"}],"wp:featuredmedia":[{"embeddable":true,"href":"https:\/\/archive.sana.sy\/tr\/index.php?rest_route=\/wp\/v2\/media\/35138"}],"wp:attachment":[{"href":"https:\/\/archive.sana.sy\/tr\/index.php?rest_route=%2Fwp%2Fv2%2Fmedia&parent=35135"}],"wp:term":[{"taxonomy":"category","embeddable":true,"href":"https:\/\/archive.sana.sy\/tr\/index.php?rest_route=%2Fwp%2Fv2%2Fcategories&post=35135"},{"taxonomy":"post_tag","embeddable":true,"href":"https:\/\/archive.sana.sy\/tr\/index.php?rest_route=%2Fwp%2Fv2%2Ftags&post=35135"}],"curies":[{"name":"wp","href":"https:\/\/api.w.org\/{rel}","templated":true}]}}