{"id":3537,"date":"2014-06-20T15:21:51","date_gmt":"2014-06-20T12:21:51","guid":{"rendered":"http:\/\/sanasyria.org\/tr\/?p=3537"},"modified":"2014-06-20T15:21:51","modified_gmt":"2014-06-20T12:21:51","slug":"abbott-egitimli-katillerin-ulkeye-donmelerine-izin-verilmeyecek","status":"publish","type":"post","link":"https:\/\/archive.sana.sy\/tr\/?p=3537","title":{"rendered":"Abbott: E\u011fitimli Katillerin \u00dclkeye D\u00f6nmelerine \u0130zin Verilmeyecek"},"content":{"rendered":"<p>S\u0130DNEY \u2013 Avustralya Ba\u015fbakan\u0131 Tony Abbott; Suriye ya da Irak\u2019ta silahl\u0131 ter\u00f6r gruplar\u0131 saflar\u0131nda silah ta\u015f\u0131yan ter\u00f6ristlerin Avustralya\u2019ya d\u00f6n\u00fc\u015f\u00fcne izin verilmeyece\u011fini ilan etti.<\/p>\n<p>Fransa bas\u0131n ajanslar\u0131 yay\u0131nlad\u0131klar\u0131 haberde Abbott\u2019un; Avustralya\u2019daki ya\u015fant\u0131y\u0131 be\u011fenmeyip e\u011fitimli katillere d\u00f6n\u00fc\u015fen Avustralyal\u0131 m\u00fccahitlerin \u00fclkeye d\u00f6n\u00fc\u015f yapmalar\u0131na izin verilmeyece\u011fini ifade etti\u011fini aktard\u0131lar.<\/p>\n<p>Avustralya h\u00fck\u00fcmetinin kimi vatanda\u015flar\u0131n Suriye ve Irak\u2019ta silahl\u0131 ter\u00f6r gruplar\u0131na kat\u0131lmas\u0131ndan dolay\u0131 bir s\u00fcre \u00f6nce kayg\u0131s\u0131n\u0131 dile getirdi\u011fine i\u015faret eden Abbott; \u00f6ncelikli ko\u015fulun Avustarya\u2019n\u0131n g\u00fcvenli\u011fi oldu\u011funa dikkat \u00e7ekerek bu e\u011fitimli katillerin \u00fclkeye d\u00f6nmeleri halinde tutuklanacaklar\u0131n\u0131n alt\u0131n\u0131 \u00e7izdi.<\/p>\n<p>Bilinece\u011fi \u00fczere bir s\u00fcre \u00f6ncesinde Avustralyal\u0131 yetkililer Suriye ve Irak\u2019ta \u201cIrak ve \u015eam\u2019da \u0130slam Devleti\u201d isimli ter\u00f6r \u00f6rg\u00fct\u00fc saflar\u0131nda sava\u015fan yakla\u015f\u0131k 100 Avustralya vatanda\u015f\u0131 bulundu\u011fu y\u00f6n\u00fcnde a\u00e7\u0131klamalar yapm\u0131\u015flard\u0131.<\/p>\n","protected":false},"excerpt":{"rendered":"<p>S\u0130DNEY \u2013 Avustralya Ba\u015fbakan\u0131 Tony Abbott; Suriye ya da Irak\u2019ta silahl\u0131 ter\u00f6r gruplar\u0131 saflar\u0131nda silah ta\u015f\u0131yan ter\u00f6ristlerin Avustralya\u2019ya d\u00f6n\u00fc\u015f\u00fcne izin verilmeyece\u011fini ilan etti. Fransa bas\u0131n ajanslar\u0131 yay\u0131nlad\u0131klar\u0131 haberde Abbott\u2019un; Avustralya\u2019daki ya\u015fant\u0131y\u0131 be\u011fenmeyip e\u011fitimli katillere d\u00f6n\u00fc\u015fen Avustralyal\u0131 m\u00fccahitlerin \u00fclkeye d\u00f6n\u00fc\u015f yapmalar\u0131na izin verilmeyece\u011fini ifade etti\u011fini aktard\u0131lar. Avustralya h\u00fck\u00fcmetinin kimi vatanda\u015flar\u0131n Suriye ve Irak\u2019ta silahl\u0131 ter\u00f6r gruplar\u0131na &hellip;<\/p>\n","protected":false},"author":1,"featured_media":3538,"comment_status":"closed","ping_status":"closed","sticky":false,"template":"","format":"standard","meta":{"footnotes":""},"categories":[458,459,447],"tags":[768],"class_list":["post-3537","post","type-post","status-publish","format-standard","has-post-thumbnail","","category-dunya1","category-haberler-arap-uluslararasi-politika","category-politika","tag-abbott-egitimli-katillerin-ulkeye-donmelerine-izin-verilmeyecek"],"_links":{"self":[{"href":"https:\/\/archive.sana.sy\/tr\/index.php?rest_route=\/wp\/v2\/posts\/3537","targetHints":{"allow":["GET"]}}],"collection":[{"href":"https:\/\/archive.sana.sy\/tr\/index.php?rest_route=\/wp\/v2\/posts"}],"about":[{"href":"https:\/\/archive.sana.sy\/tr\/index.php?rest_route=\/wp\/v2\/types\/post"}],"author":[{"embeddable":true,"href":"https:\/\/archive.sana.sy\/tr\/index.php?rest_route=\/wp\/v2\/users\/1"}],"replies":[{"embeddable":true,"href":"https:\/\/archive.sana.sy\/tr\/index.php?rest_route=%2Fwp%2Fv2%2Fcomments&post=3537"}],"version-history":[{"count":0,"href":"https:\/\/archive.sana.sy\/tr\/index.php?rest_route=\/wp\/v2\/posts\/3537\/revisions"}],"wp:featuredmedia":[{"embeddable":true,"href":"https:\/\/archive.sana.sy\/tr\/index.php?rest_route=\/wp\/v2\/media\/3538"}],"wp:attachment":[{"href":"https:\/\/archive.sana.sy\/tr\/index.php?rest_route=%2Fwp%2Fv2%2Fmedia&parent=3537"}],"wp:term":[{"taxonomy":"category","embeddable":true,"href":"https:\/\/archive.sana.sy\/tr\/index.php?rest_route=%2Fwp%2Fv2%2Fcategories&post=3537"},{"taxonomy":"post_tag","embeddable":true,"href":"https:\/\/archive.sana.sy\/tr\/index.php?rest_route=%2Fwp%2Fv2%2Ftags&post=3537"}],"curies":[{"name":"wp","href":"https:\/\/api.w.org\/{rel}","templated":true}]}}