{"id":35390,"date":"2015-06-02T11:51:39","date_gmt":"2015-06-02T08:51:39","guid":{"rendered":"http:\/\/sana.sy\/tr\/?p=35390"},"modified":"2015-06-02T11:51:39","modified_gmt":"2015-06-02T08:51:39","slug":"irak-basbakani-haydar-abdadi-dunya-isid-teror-orgutune-karsi-mucadelede-iraka-destekten-bahsediyor-lakin-somut-olarak-eylemlerin-hafif-oldugunu-kara-operasyonlarini-destekteki-eksikliklere","status":"publish","type":"post","link":"https:\/\/archive.sana.sy\/tr\/?p=35390","title":{"rendered":"Irak Ba\u015fbakan\u0131 Haydar Abdadi, d\u00fcnya I\u015e\u0130D ter\u00f6r \u00f6rg\u00fct\u00fcne kar\u015f\u0131 m\u00fccadelede Irak\u2019a destekten bahsediyor, lakin somut olarak eylemlerin hafif oldu\u011funu, kara operasyonlar\u0131n\u0131 destekteki eksikliklere ek olarak yeterli hava bilgilerinin Irak g\u00fc\u00e7lerine ula\u015ft\u0131r\u0131lmad\u0131\u011f\u0131n\u0131 da s\u00f6yledi."},"content":{"rendered":"<p>Irak Ba\u015fbakan\u0131 Haydar Abdadi, d\u00fcnya I\u015e\u0130D ter\u00f6r \u00f6rg\u00fct\u00fcne kar\u015f\u0131 m\u00fccadelede Irak\u2019a destekten bahsediyor, lakin somut olarak eylemlerin hafif oldu\u011funu, kara operasyonlar\u0131n\u0131 destekteki eksikliklere ek olarak yeterli hava bilgilerinin Irak g\u00fc\u00e7lerine ula\u015ft\u0131r\u0131lmad\u0131\u011f\u0131n\u0131 da s\u00f6yledi.<\/p>\n","protected":false},"excerpt":{"rendered":"<p>Irak Ba\u015fbakan\u0131 Haydar Abdadi, d\u00fcnya I\u015e\u0130D ter\u00f6r \u00f6rg\u00fct\u00fcne kar\u015f\u0131 m\u00fccadelede Irak\u2019a destekten bahsediyor, lakin somut olarak eylemlerin hafif oldu\u011funu, kara operasyonlar\u0131n\u0131 destekteki eksikliklere ek olarak yeterli hava bilgilerinin Irak g\u00fc\u00e7lerine ula\u015ft\u0131r\u0131lmad\u0131\u011f\u0131n\u0131 da s\u00f6yledi.<\/p>\n","protected":false},"author":1,"featured_media":0,"comment_status":"closed","ping_status":"closed","sticky":false,"template":"","format":"standard","meta":{"footnotes":""},"categories":[1],"tags":[14932,14931,14934,14933],"class_list":["post-35390","post","type-post","status-publish","format-standard","","category-news-not-sorted","tag-dunya-isid-teror-orgutune-karsi-mucadelede-iraka-destekten-bahsediyor","tag-irak-basbakani-haydar-abdadi","tag-kara-operasyonlarini-destekteki-eksikliklere-ek-olarak-yeterli-hava-bilgilerinin-irak-guclerine-ulastirilmadigini-da-soyledi","tag-lakin-somut-olarak-eylemlerin-hafif-oldugunu"],"_links":{"self":[{"href":"https:\/\/archive.sana.sy\/tr\/index.php?rest_route=\/wp\/v2\/posts\/35390","targetHints":{"allow":["GET"]}}],"collection":[{"href":"https:\/\/archive.sana.sy\/tr\/index.php?rest_route=\/wp\/v2\/posts"}],"about":[{"href":"https:\/\/archive.sana.sy\/tr\/index.php?rest_route=\/wp\/v2\/types\/post"}],"author":[{"embeddable":true,"href":"https:\/\/archive.sana.sy\/tr\/index.php?rest_route=\/wp\/v2\/users\/1"}],"replies":[{"embeddable":true,"href":"https:\/\/archive.sana.sy\/tr\/index.php?rest_route=%2Fwp%2Fv2%2Fcomments&post=35390"}],"version-history":[{"count":0,"href":"https:\/\/archive.sana.sy\/tr\/index.php?rest_route=\/wp\/v2\/posts\/35390\/revisions"}],"wp:attachment":[{"href":"https:\/\/archive.sana.sy\/tr\/index.php?rest_route=%2Fwp%2Fv2%2Fmedia&parent=35390"}],"wp:term":[{"taxonomy":"category","embeddable":true,"href":"https:\/\/archive.sana.sy\/tr\/index.php?rest_route=%2Fwp%2Fv2%2Fcategories&post=35390"},{"taxonomy":"post_tag","embeddable":true,"href":"https:\/\/archive.sana.sy\/tr\/index.php?rest_route=%2Fwp%2Fv2%2Ftags&post=35390"}],"curies":[{"name":"wp","href":"https:\/\/api.w.org\/{rel}","templated":true}]}}