{"id":3549,"date":"2014-06-21T12:30:56","date_gmt":"2014-06-21T09:30:56","guid":{"rendered":"http:\/\/sanasyria.org\/tr\/?p=3549"},"modified":"2014-06-21T12:30:56","modified_gmt":"2014-06-21T09:30:56","slug":"del-ponte-teror-halkin-yasamini-zorlastiriyor","status":"publish","type":"post","link":"https:\/\/archive.sana.sy\/tr\/?p=3549","title":{"rendered":"Del Ponte: Ter\u00f6r Halk\u0131n Ya\u015fam\u0131n\u0131 Zorla\u015ft\u0131r\u0131yor"},"content":{"rendered":"<p>CENEVRE \u2013 Suriye \u0130le \u0130lgili BM\u2019ye Ba\u011fl\u0131 Soru\u015fturma Komisyonu \u00dcyesi Carla Del Ponte; Nusra Cephesi, Irak ve \u015eam\u2019da \u0130slam Devleti \u00d6rg\u00fct\u00fc ve radikal tekfircilerin Suriye\u2019de uygulad\u0131klar\u0131 ter\u00f6r faaliyetlerinin Suriye halk\u0131n\u0131n ya\u015fam\u0131nda tahamm\u00fcl edilmesi m\u00fcmk\u00fcn olmayan, b\u00fcy\u00fck zorluklar ve s\u0131k\u0131nt\u0131lar\u0131 neden oldu\u011funu dile getirdi.<\/p>\n<p>ITAR TASS Haber Ajans\u0131yla d\u00fcn bir r\u00f6portaj yapan Del Ponte; Suriye\u2019de bir \u0130slam devleti kurmay\u0131 ama\u00e7layan radikal ter\u00f6r gruplar\u0131n\u0131n artarak yay\u0131ld\u0131\u011f\u0131n\u0131 ifade etti.<\/p>\n<p>Suriye\u2019de bulunan ter\u00f6r gruplar\u0131 \u00fcyelerinin b\u00fcy\u00fck \u00e7o\u011funlu\u011funun yabanc\u0131 uyruklu oldu\u011funun alt\u0131n\u0131 \u00e7izen Del Ponte; bu gruplar\u0131n ya\u015fanan krizden faydalanarak ve insani yard\u0131mlar\u0131n ula\u015ft\u0131r\u0131lmas\u0131n\u0131 engelleyerek Suriye\u2019de \u0130slami Hilafeti kurabileceklerine inand\u0131klar\u0131n\u0131 aktard\u0131.<\/p>\n","protected":false},"excerpt":{"rendered":"<p>CENEVRE \u2013 Suriye \u0130le \u0130lgili BM\u2019ye Ba\u011fl\u0131 Soru\u015fturma Komisyonu \u00dcyesi Carla Del Ponte; Nusra Cephesi, Irak ve \u015eam\u2019da \u0130slam Devleti \u00d6rg\u00fct\u00fc ve radikal tekfircilerin Suriye\u2019de uygulad\u0131klar\u0131 ter\u00f6r faaliyetlerinin Suriye halk\u0131n\u0131n ya\u015fam\u0131nda tahamm\u00fcl edilmesi m\u00fcmk\u00fcn olmayan, b\u00fcy\u00fck zorluklar ve s\u0131k\u0131nt\u0131lar\u0131 neden oldu\u011funu dile getirdi. ITAR TASS Haber Ajans\u0131yla d\u00fcn bir r\u00f6portaj yapan Del Ponte; Suriye\u2019de bir &hellip;<\/p>\n","protected":false},"author":1,"featured_media":3550,"comment_status":"closed","ping_status":"closed","sticky":false,"template":"","format":"standard","meta":{"footnotes":""},"categories":[458,459,447],"tags":[771],"class_list":["post-3549","post","type-post","status-publish","format-standard","has-post-thumbnail","","category-dunya1","category-haberler-arap-uluslararasi-politika","category-politika","tag-del-ponte-teror-halkin-yasamini-zorlastiriyor"],"_links":{"self":[{"href":"https:\/\/archive.sana.sy\/tr\/index.php?rest_route=\/wp\/v2\/posts\/3549","targetHints":{"allow":["GET"]}}],"collection":[{"href":"https:\/\/archive.sana.sy\/tr\/index.php?rest_route=\/wp\/v2\/posts"}],"about":[{"href":"https:\/\/archive.sana.sy\/tr\/index.php?rest_route=\/wp\/v2\/types\/post"}],"author":[{"embeddable":true,"href":"https:\/\/archive.sana.sy\/tr\/index.php?rest_route=\/wp\/v2\/users\/1"}],"replies":[{"embeddable":true,"href":"https:\/\/archive.sana.sy\/tr\/index.php?rest_route=%2Fwp%2Fv2%2Fcomments&post=3549"}],"version-history":[{"count":0,"href":"https:\/\/archive.sana.sy\/tr\/index.php?rest_route=\/wp\/v2\/posts\/3549\/revisions"}],"wp:featuredmedia":[{"embeddable":true,"href":"https:\/\/archive.sana.sy\/tr\/index.php?rest_route=\/wp\/v2\/media\/3550"}],"wp:attachment":[{"href":"https:\/\/archive.sana.sy\/tr\/index.php?rest_route=%2Fwp%2Fv2%2Fmedia&parent=3549"}],"wp:term":[{"taxonomy":"category","embeddable":true,"href":"https:\/\/archive.sana.sy\/tr\/index.php?rest_route=%2Fwp%2Fv2%2Fcategories&post=3549"},{"taxonomy":"post_tag","embeddable":true,"href":"https:\/\/archive.sana.sy\/tr\/index.php?rest_route=%2Fwp%2Fv2%2Ftags&post=3549"}],"curies":[{"name":"wp","href":"https:\/\/api.w.org\/{rel}","templated":true}]}}