{"id":3552,"date":"2014-06-21T12:36:54","date_gmt":"2014-06-21T09:36:54","guid":{"rendered":"http:\/\/sanasyria.org\/tr\/?p=3552"},"modified":"2014-06-21T12:36:54","modified_gmt":"2014-06-21T09:36:54","slug":"55-kisi-silahlariyla-birlikte-teslim-oldu","status":"publish","type":"post","link":"https:\/\/archive.sana.sy\/tr\/?p=3552","title":{"rendered":"55 Ki\u015fi Silahlar\u0131yla Birlikte Teslim Oldu"},"content":{"rendered":"<p>\u015eAM KIRSALI \u2013 \u015eam k\u0131rsal\u0131nda yalan yanl\u0131\u015f vaat ve bilgilerle kand\u0131r\u0131lmalar\u0131 sonucu ter\u00f6r olaylar\u0131na kar\u0131\u015fm\u0131\u015f 55 ki\u015fi d\u00fcn g\u00fcvenlik birimlerine silahlar\u0131yla birlikte teslim oldular.<\/p>\n<p>\u015eam Emniyet M\u00fcd\u00fcrl\u00fc\u011f\u00fcnden yetkili bir kaynak teslim olan 55 ki\u015finin hukuki durumlar\u0131n\u0131n genel af ve pi\u015fmanl\u0131k yasas\u0131 kapsam\u0131nda d\u00fczenlenerek serbest b\u0131rak\u0131ld\u0131klar\u0131n\u0131 dile getirdi.<\/p>\n<p>Teslim olmak isteyen 55 ki\u015finin Uzla\u015fma Komisyonu \u00dcyeleri refakatinde g\u00fcvenlik kurumlar\u0131na geldiklerine i\u015faret eden kaynak; silahl\u0131 bir ter\u00f6r grubunun teslim olacak ki\u015fileri engellemek amac\u0131yla etrafa rastgele ate\u015f a\u00e7mas\u0131 sonucu Uzla\u015fma Komisyonu \u00dcyesi Abd\u00fclnebi Buheyt\u2019in yaraland\u0131\u011f\u0131n\u0131 aktard\u0131.<\/p>\n","protected":false},"excerpt":{"rendered":"<p>\u015eAM KIRSALI \u2013 \u015eam k\u0131rsal\u0131nda yalan yanl\u0131\u015f vaat ve bilgilerle kand\u0131r\u0131lmalar\u0131 sonucu ter\u00f6r olaylar\u0131na kar\u0131\u015fm\u0131\u015f 55 ki\u015fi d\u00fcn g\u00fcvenlik birimlerine silahlar\u0131yla birlikte teslim oldular. \u015eam Emniyet M\u00fcd\u00fcrl\u00fc\u011f\u00fcnden yetkili bir kaynak teslim olan 55 ki\u015finin hukuki durumlar\u0131n\u0131n genel af ve pi\u015fmanl\u0131k yasas\u0131 kapsam\u0131nda d\u00fczenlenerek serbest b\u0131rak\u0131ld\u0131klar\u0131n\u0131 dile getirdi. Teslim olmak isteyen 55 ki\u015finin Uzla\u015fma Komisyonu \u00dcyeleri &hellip;<\/p>\n","protected":false},"author":1,"featured_media":3553,"comment_status":"closed","ping_status":"closed","sticky":false,"template":"","format":"standard","meta":{"footnotes":""},"categories":[479,575,478],"tags":[772],"class_list":["post-3552","post","type-post","status-publish","format-standard","has-post-thumbnail","","category-haberler-yerel","category-olaylar-ve-gercekler","category-yerel","tag-55-kisi-silahlariyla-birlikte-teslim-oldu"],"_links":{"self":[{"href":"https:\/\/archive.sana.sy\/tr\/index.php?rest_route=\/wp\/v2\/posts\/3552","targetHints":{"allow":["GET"]}}],"collection":[{"href":"https:\/\/archive.sana.sy\/tr\/index.php?rest_route=\/wp\/v2\/posts"}],"about":[{"href":"https:\/\/archive.sana.sy\/tr\/index.php?rest_route=\/wp\/v2\/types\/post"}],"author":[{"embeddable":true,"href":"https:\/\/archive.sana.sy\/tr\/index.php?rest_route=\/wp\/v2\/users\/1"}],"replies":[{"embeddable":true,"href":"https:\/\/archive.sana.sy\/tr\/index.php?rest_route=%2Fwp%2Fv2%2Fcomments&post=3552"}],"version-history":[{"count":0,"href":"https:\/\/archive.sana.sy\/tr\/index.php?rest_route=\/wp\/v2\/posts\/3552\/revisions"}],"wp:featuredmedia":[{"embeddable":true,"href":"https:\/\/archive.sana.sy\/tr\/index.php?rest_route=\/wp\/v2\/media\/3553"}],"wp:attachment":[{"href":"https:\/\/archive.sana.sy\/tr\/index.php?rest_route=%2Fwp%2Fv2%2Fmedia&parent=3552"}],"wp:term":[{"taxonomy":"category","embeddable":true,"href":"https:\/\/archive.sana.sy\/tr\/index.php?rest_route=%2Fwp%2Fv2%2Fcategories&post=3552"},{"taxonomy":"post_tag","embeddable":true,"href":"https:\/\/archive.sana.sy\/tr\/index.php?rest_route=%2Fwp%2Fv2%2Ftags&post=3552"}],"curies":[{"name":"wp","href":"https:\/\/api.w.org\/{rel}","templated":true}]}}