{"id":3555,"date":"2014-06-21T12:40:26","date_gmt":"2014-06-21T09:40:26","guid":{"rendered":"http:\/\/sanasyria.org\/tr\/?p=3555"},"modified":"2014-06-21T12:40:26","modified_gmt":"2014-06-21T09:40:26","slug":"suriyede-oncelik-siddetin-durdurulmasidir","status":"publish","type":"post","link":"https:\/\/archive.sana.sy\/tr\/?p=3555","title":{"rendered":"Suriye\u2019de \u00d6ncelik \u015eiddetin Durdurulmas\u0131d\u0131r"},"content":{"rendered":"<p>NEW YORK \u2013 BM Genel Sekreteri Ban Ki Moon, BM\u2019nin \u00f6nceliklerinin \u015fiddetin durdurulmas\u0131 ve her t\u00fcrl\u00fc silah\u0131n kullan\u0131lmas\u0131n\u0131n engellenmesi oldu\u011funu ifade ederek ter\u00f6ristlerin kulland\u0131klar\u0131 taktiklerin, krizin sonland\u0131r\u0131lmas\u0131 i\u00e7in \u00e7aba harcamaya sevk etti\u011fini belirtti.<\/p>\n<p>Suriye halk\u0131n\u0131n b\u00fcy\u00fck \u00e7o\u011funlu\u011fu taraf\u0131ndan desteklenen Suriye H\u00fck\u00fcmetine ter\u00f6r ve silahl\u0131 ter\u00f6r gruplar\u0131na kar\u015f\u0131 m\u00fccadele etme \u00e7a\u011fr\u0131s\u0131 yapan Ban; Suriye\u2019ye kom\u015fu \u00fclkelerin de topraklar\u0131n\u0131n Suriye\u2019ye silah sevkiyat\u0131 i\u00e7in kullan\u0131lmas\u0131n\u0131 engellemeleri gerekti\u011finin alt\u0131n\u0131 \u00e7izdi.<\/p>\n","protected":false},"excerpt":{"rendered":"<p>NEW YORK \u2013 BM Genel Sekreteri Ban Ki Moon, BM\u2019nin \u00f6nceliklerinin \u015fiddetin durdurulmas\u0131 ve her t\u00fcrl\u00fc silah\u0131n kullan\u0131lmas\u0131n\u0131n engellenmesi oldu\u011funu ifade ederek ter\u00f6ristlerin kulland\u0131klar\u0131 taktiklerin, krizin sonland\u0131r\u0131lmas\u0131 i\u00e7in \u00e7aba harcamaya sevk etti\u011fini belirtti. Suriye halk\u0131n\u0131n b\u00fcy\u00fck \u00e7o\u011funlu\u011fu taraf\u0131ndan desteklenen Suriye H\u00fck\u00fcmetine ter\u00f6r ve silahl\u0131 ter\u00f6r gruplar\u0131na kar\u015f\u0131 m\u00fccadele etme \u00e7a\u011fr\u0131s\u0131 yapan Ban; Suriye\u2019ye kom\u015fu \u00fclkelerin &hellip;<\/p>\n","protected":false},"author":1,"featured_media":3556,"comment_status":"closed","ping_status":"closed","sticky":false,"template":"","format":"standard","meta":{"footnotes":""},"categories":[458,459],"tags":[773],"class_list":["post-3555","post","type-post","status-publish","format-standard","has-post-thumbnail","","category-dunya1","category-haberler-arap-uluslararasi-politika","tag-suriyede-oncelik-siddetin-durdurulmasidir"],"_links":{"self":[{"href":"https:\/\/archive.sana.sy\/tr\/index.php?rest_route=\/wp\/v2\/posts\/3555","targetHints":{"allow":["GET"]}}],"collection":[{"href":"https:\/\/archive.sana.sy\/tr\/index.php?rest_route=\/wp\/v2\/posts"}],"about":[{"href":"https:\/\/archive.sana.sy\/tr\/index.php?rest_route=\/wp\/v2\/types\/post"}],"author":[{"embeddable":true,"href":"https:\/\/archive.sana.sy\/tr\/index.php?rest_route=\/wp\/v2\/users\/1"}],"replies":[{"embeddable":true,"href":"https:\/\/archive.sana.sy\/tr\/index.php?rest_route=%2Fwp%2Fv2%2Fcomments&post=3555"}],"version-history":[{"count":0,"href":"https:\/\/archive.sana.sy\/tr\/index.php?rest_route=\/wp\/v2\/posts\/3555\/revisions"}],"wp:featuredmedia":[{"embeddable":true,"href":"https:\/\/archive.sana.sy\/tr\/index.php?rest_route=\/wp\/v2\/media\/3556"}],"wp:attachment":[{"href":"https:\/\/archive.sana.sy\/tr\/index.php?rest_route=%2Fwp%2Fv2%2Fmedia&parent=3555"}],"wp:term":[{"taxonomy":"category","embeddable":true,"href":"https:\/\/archive.sana.sy\/tr\/index.php?rest_route=%2Fwp%2Fv2%2Fcategories&post=3555"},{"taxonomy":"post_tag","embeddable":true,"href":"https:\/\/archive.sana.sy\/tr\/index.php?rest_route=%2Fwp%2Fv2%2Ftags&post=3555"}],"curies":[{"name":"wp","href":"https:\/\/api.w.org\/{rel}","templated":true}]}}