{"id":35556,"date":"2015-06-03T13:02:09","date_gmt":"2015-06-03T10:02:09","guid":{"rendered":"http:\/\/sana.sy\/tr\/?p=35556"},"modified":"2015-06-03T13:02:09","modified_gmt":"2015-06-03T10:02:09","slug":"seyyit-sam-alimlerine-suriye-zaferi-kazanacak-ve-dogru-islam-dininin-minberi-kalacaktir","status":"publish","type":"post","link":"https:\/\/archive.sana.sy\/tr\/?p=35556","title":{"rendered":"Seyyit \u015eam Alimlerine: Suriye, Zaferi Kazanacak ve Do\u011fru \u0130slam Dininin Minberi Kalacakt\u0131r"},"content":{"rendered":"<p>\u015eAM \u2013 Vak\u0131flar Bakan\u0131 Abdulsettar el Seyyid bug\u00fcn \u015eam alimleriyle bir araya geli\u015finde, halk\u0131m\u0131z ve vatan\u0131m\u0131z\u0131n arkas\u0131nda emperyalizm, d\u00fcnya Siyonizm ve Vahhabilik ile Arap gericili\u011finden edatlar\u0131n\u0131n durdu\u011fu tekfiri ve ateizm \u00e7etelerinin ba\u015flatt\u0131\u011f\u0131 dezenformasyon ve ter\u00f6r hamleleriyle m\u00fccadele zaman\u0131nda \u201cDini Onur Misak\u0131\u201d olan dini hitab\u0131n geli\u015ftirilmesi belgesinin\u00a0 ba\u015flat\u0131lmas\u0131 \u00f6nemini belirtti.<\/p>\n<p><a href=\"http:\/\/sana.sy\/tr\/wp-content\/uploads\/2015\/06\/Vak\u0131flar-Bakan\u0131-2.jpg\"><img loading=\"lazy\" decoding=\"async\" class=\" size-medium wp-image-35558 alignright\" src=\"http:\/\/sana.sy\/tr\/wp-content\/uploads\/2015\/06\/Vak\u0131flar-Bakan\u0131-2-300x160.jpg\" alt=\"Vak\u0131flar Bakan\u0131 2\" width=\"300\" height=\"160\" srcset=\"https:\/\/archive.sana.sy\/tr\/wp-content\/uploads\/2015\/06\/Vak\u0131flar-Bakan\u0131-2-300x160.jpg 300w, https:\/\/archive.sana.sy\/tr\/wp-content\/uploads\/2015\/06\/Vak\u0131flar-Bakan\u0131-2-150x80.jpg 150w, https:\/\/archive.sana.sy\/tr\/wp-content\/uploads\/2015\/06\/Vak\u0131flar-Bakan\u0131-2.jpg 620w\" sizes=\"auto, (max-width: 300px) 100vw, 300px\" \/><\/a>Vak\u0131flar Bakan\u0131, Suriye\u2019de \u00fcst d\u00fczey \u00c2lim ve bayan din davet\u00e7ilerinin, Bakanl\u0131\u011f\u0131n daha \u00f6nce \u015feriat e\u011fitim programlar\u0131n\u0131 geli\u015ftirmek i\u00e7in ba\u015flatt\u0131\u011f\u0131 \u201cKriz F\u0131kh\u0131\u201d ve \u201cFazilet\u201d projelerini tamamlamak amac\u0131yla, haz\u0131rlad\u0131\u011f\u0131 belgenin \u00f6nemine i\u015faret ederek, ordusu, alimleri, kad\u0131n- erkek din davet\u00e7ileri ve hikmetli y\u00f6netiminin direni\u015fiyle Suriye\u2019nin zafere eri\u015fece\u011fini ve y\u00fcce Allah\u2019\u0131n indirdi\u011fi gibi do\u011fru \u0130slam dininin minberi olarak kalaca\u011f\u0131n\u0131 vurgulad\u0131.<\/p>\n<p>Vak\u0131flar Bakanl\u0131\u011f\u0131, 1 Haziran\u2019da\u00a0 s\u00f6z konusu hitapla ilgili yeni temel ve kriterler i\u00e7eren, \u201cDini Onur Misak\u0131\u201d olan dini hitab\u0131n geli\u015ftirilmesi belgesini hayata ge\u00e7irmi\u015fti.<\/p>\n<p>S.\u015e. &#8211; R.H.<\/p>\n","protected":false},"excerpt":{"rendered":"<p>\u015eAM \u2013 Vak\u0131flar Bakan\u0131 Abdulsettar el Seyyid bug\u00fcn \u015eam alimleriyle bir araya geli\u015finde, halk\u0131m\u0131z ve vatan\u0131m\u0131z\u0131n arkas\u0131nda emperyalizm, d\u00fcnya Siyonizm ve Vahhabilik ile Arap gericili\u011finden edatlar\u0131n\u0131n durdu\u011fu tekfiri ve ateizm \u00e7etelerinin ba\u015flatt\u0131\u011f\u0131 dezenformasyon ve ter\u00f6r hamleleriyle m\u00fccadele zaman\u0131nda \u201cDini Onur Misak\u0131\u201d olan dini hitab\u0131n geli\u015ftirilmesi belgesinin\u00a0 ba\u015flat\u0131lmas\u0131 \u00f6nemini belirtti. Vak\u0131flar Bakan\u0131, Suriye\u2019de \u00fcst d\u00fczey \u00c2lim &hellip;<\/p>\n","protected":false},"author":1,"featured_media":35557,"comment_status":"closed","ping_status":"closed","sticky":false,"template":"","format":"standard","meta":{"footnotes":""},"categories":[479,478],"tags":[14966,14964,14965],"class_list":["post-35556","post","type-post","status-publish","format-standard","has-post-thumbnail","","category-haberler-yerel","category-yerel","tag-halkimiz-ve-vatanimizin-arkasinda-emperyalizm","tag-seyyit-sam-alimlerine-suriye","tag-zaferi-kazanacak-ve-dogru-islam-dininin-minberi-kalacaktir-sam-vakiflar-bakani-abdulsettar-el-seyyid-bugun-sam-alimleriyle-bir-araya-gelisinde"],"_links":{"self":[{"href":"https:\/\/archive.sana.sy\/tr\/index.php?rest_route=\/wp\/v2\/posts\/35556","targetHints":{"allow":["GET"]}}],"collection":[{"href":"https:\/\/archive.sana.sy\/tr\/index.php?rest_route=\/wp\/v2\/posts"}],"about":[{"href":"https:\/\/archive.sana.sy\/tr\/index.php?rest_route=\/wp\/v2\/types\/post"}],"author":[{"embeddable":true,"href":"https:\/\/archive.sana.sy\/tr\/index.php?rest_route=\/wp\/v2\/users\/1"}],"replies":[{"embeddable":true,"href":"https:\/\/archive.sana.sy\/tr\/index.php?rest_route=%2Fwp%2Fv2%2Fcomments&post=35556"}],"version-history":[{"count":0,"href":"https:\/\/archive.sana.sy\/tr\/index.php?rest_route=\/wp\/v2\/posts\/35556\/revisions"}],"wp:featuredmedia":[{"embeddable":true,"href":"https:\/\/archive.sana.sy\/tr\/index.php?rest_route=\/wp\/v2\/media\/35557"}],"wp:attachment":[{"href":"https:\/\/archive.sana.sy\/tr\/index.php?rest_route=%2Fwp%2Fv2%2Fmedia&parent=35556"}],"wp:term":[{"taxonomy":"category","embeddable":true,"href":"https:\/\/archive.sana.sy\/tr\/index.php?rest_route=%2Fwp%2Fv2%2Fcategories&post=35556"},{"taxonomy":"post_tag","embeddable":true,"href":"https:\/\/archive.sana.sy\/tr\/index.php?rest_route=%2Fwp%2Fv2%2Ftags&post=35556"}],"curies":[{"name":"wp","href":"https:\/\/api.w.org\/{rel}","templated":true}]}}