{"id":35562,"date":"2015-06-03T13:36:29","date_gmt":"2015-06-03T10:36:29","guid":{"rendered":"http:\/\/sana.sy\/tr\/?p=35562"},"modified":"2015-06-03T16:22:49","modified_gmt":"2015-06-03T13:22:49","slug":"lahham-suriye-terorle-mucadelede-isbirligine-aciktir-vardabitaan-teror-butun-dunyayi-tehdit-eden-serdir","status":"publish","type":"post","link":"https:\/\/archive.sana.sy\/tr\/?p=35562","title":{"rendered":"Lahham: Suriye Ter\u00f6rle M\u00fccadelede \u0130\u015fbirli\u011fine A\u00e7\u0131kt\u0131r. Vardabitaan: Ter\u00f6r B\u00fct\u00fcn D\u00fcnyay\u0131 Tehdit Eden \u015eerdir"},"content":{"rendered":"<p>\u015eAM &#8211; Halk Meclisi Ba\u015fkan\u0131 Muhammed Cihad el Lahham, Suriye\u2019nin b\u00f6lge ve d\u00fcnya istikrar\u0131na tehdit ve tehlike olu\u015fturan ter\u00f6r fenomeniyle sava\u015fta ilgili uluslararas\u0131 kanun ve g\u00fcvenlik konseyi kararlar\u0131 \u00e7er\u00e7evesi dahilinde ter\u00f6rle m\u00fccadele alan\u0131nda uluslararas\u0131 i\u015fbirli\u011fine a\u00e7\u0131k oldu\u011funu belirtti.<\/p>\n<p>Ermenistan-Suriye Dostluk Grubu heyetiyle bug\u00fcn bir araya geli\u015finde Lahham, Suriye halk\u0131 hakk\u0131nda en \u00e7irkef katliamlar\u0131 i\u015fleyen ter\u00f6ristlerin desteklenmesi ve silahland\u0131r\u0131lmas\u0131nda T\u00fcrkiye, Katar ve Suudi Arabistan\u2019\u0131n ba\u011flant\u0131 hacimlerinin kimsenin g\u00f6z\u00fcnden ka\u00e7mad\u0131\u011f\u0131na i\u015faret ederek, ba\u015fkan\u0131 Recep Tayyip Erdo\u011fan ile temsil olunan T\u00fcrk rejiminin ecdatlar\u0131 Osmanl\u0131lar\u0131n 100 y\u0131l \u00f6nce Ermeni halk\u0131na y\u00f6nelik izledikleri katliamlar\u0131n hakikatini bug\u00fcn silahl\u0131 ter\u00f6rist \u00f6rg\u00fctlerine deste\u011fi kanl\u0131yla ispat etti\u011fini vurgulad\u0131.<\/p>\n<p>Suriye h\u00fck\u00fcmetinin vatanda\u015flar\u0131n\u0131n temel ya\u015fam gereksinimlerini kar\u015f\u0131lamak i\u00e7in b\u00fcy\u00fck \u00e7aba harcad\u0131\u011f\u0131n\u0131 a\u00e7\u0131klayan Lahham, y\u00f6netimi, ordusu ve halk\u0131yla zafer sa\u011flan\u0131ncaya kadar topraklar\u0131 \u00fczerinde nerede olursa olsun ter\u00f6r, destekleyicileri ve finanse edenlerinin k\u00f6k\u00fcn\u00fc kaz\u0131maya \u0131srarl\u0131 oldu\u011funu dile getirdi.<\/p>\n<p>Lahham, Suriye ve Ermenistan parlamentolar\u0131 aras\u0131ndaki ili\u015fkilerin iki karde\u015f halk\u0131n isteklerini sa\u011flamak, iki \u00fclkenin konumunu peki\u015ftirmek, siyasi ve ekonomik istikrarlar\u0131n\u0131 desteleyecek \u015fekilde geli\u015ftirilmesinin \u00f6ncelikleri aras\u0131nda bulundu\u011funa i\u015faret etti.<\/p>\n<p>Kendi y\u00f6n\u00fcnden Ermenistan Ulusal Konseyinde Ermenistan-Suriye Dostluk Grubu heyet Ba\u015fkan\u0131 Tajat Vardabitaan, ter\u00f6r\u00fcn b\u00fct\u00fcn d\u00fcnyay\u0131 tehdit eden \u015fer, uluslararas\u0131 topluma d\u00fc\u015fen g\u00f6revin ise bu tehlikeli fenomenle m\u00fccadeledeki \u00e7abalar\u0131n\u0131 birle\u015ftirmek oldu\u011funu belirterek, b\u00fct\u00fcn bile\u015fenleriyle Ermenistan halk\u0131n\u0131n 4 y\u0131ldan fazla bir s\u00fcredir silahl\u0131 ter\u00f6r \u00f6rg\u00fctleriyle sava\u015fan Suriye halk\u0131yla dayan\u0131\u015fmas\u0131n\u0131 ifade etti.<\/p>\n<p>100 y\u0131l \u00f6nce Osmanl\u0131 otoritesinin katliamlar\u0131ndan kan Ermeni vatanda\u015flar\u0131 evlerinde kucaklayan Suriye halk\u0131na derin \u015f\u00fckranlar\u0131n\u0131 dile getiren Vardabitaan, Suriye\u2019nin bug\u00fcn bu \u00e7irkef soyk\u0131r\u0131m\u0131n kurbanlar\u0131n\u0131 kucaklamas\u0131 itibariyle mukaddes toprak oldu\u011funu ifade ederek, Suriye\u2019ye bar\u0131\u015f\u0131n gelmesi ve Suriye halk\u0131n\u0131n g\u00fcven sahiline var\u0131ncaya kadar anlay\u0131\u015f ve uzla\u015fma havas\u0131 i\u00e7erisinde ulusal i\u00e7 diyalog yoluyla kendi sorunlar\u0131n\u0131 kendisinin \u00e7\u00f6zmesi umudunu ifade etti.<\/p>\n<p>Konuk Ermenistan Parlamento heyetinin Suriye ziyareti 3 g\u00fcn s\u00fcrecek.<\/p>\n<p>G\u00f6r\u00fc\u015fmeye Ermenistan\u2019\u0131n \u015eam B\u00fcy\u00fckel\u00e7isi Ar\u015fak Boladyan, Halk Meclisi Ba\u015fkan Yard\u0131mc\u0131s\u0131 Fehmi Hasan, Meclis B\u00fcro \u00dcyesi Abdusselam Dehmu\u015f ve Mecliste Suriye-Ermenistan Dostluk Grubu Ba\u015fkan\u0131 Butros Mercane kat\u0131ld\u0131.<\/p>\n<p>S.\u015e<\/p>\n","protected":false},"excerpt":{"rendered":"<p>\u015eAM &#8211; Halk Meclisi Ba\u015fkan\u0131 Muhammed Cihad el Lahham, Suriye\u2019nin b\u00f6lge ve d\u00fcnya istikrar\u0131na tehdit ve tehlike olu\u015fturan ter\u00f6r fenomeniyle sava\u015fta ilgili uluslararas\u0131 kanun ve g\u00fcvenlik konseyi kararlar\u0131 \u00e7er\u00e7evesi dahilinde ter\u00f6rle m\u00fccadele alan\u0131nda uluslararas\u0131 i\u015fbirli\u011fine a\u00e7\u0131k oldu\u011funu belirtti. Ermenistan-Suriye Dostluk Grubu heyetiyle bug\u00fcn bir araya geli\u015finde Lahham, Suriye halk\u0131 hakk\u0131nda en \u00e7irkef katliamlar\u0131 i\u015fleyen ter\u00f6ristlerin &hellip;<\/p>\n","protected":false},"author":1,"featured_media":35564,"comment_status":"closed","ping_status":"closed","sticky":false,"template":"","format":"standard","meta":{"footnotes":""},"categories":[479,447,2554,2555,478],"tags":[14967],"class_list":["post-35562","post","type-post","status-publish","format-standard","has-post-thumbnail","","category-haberler-yerel","category-politika","category-suriye-ve-dunya","category-suriye-ve-turkiye","category-yerel","tag-lahham-suriye-terorle-mucadelede-isbirligine-aciktir-vardabitaan-teror-butun-dunyayi-tehdit-eden-serdir"],"_links":{"self":[{"href":"https:\/\/archive.sana.sy\/tr\/index.php?rest_route=\/wp\/v2\/posts\/35562","targetHints":{"allow":["GET"]}}],"collection":[{"href":"https:\/\/archive.sana.sy\/tr\/index.php?rest_route=\/wp\/v2\/posts"}],"about":[{"href":"https:\/\/archive.sana.sy\/tr\/index.php?rest_route=\/wp\/v2\/types\/post"}],"author":[{"embeddable":true,"href":"https:\/\/archive.sana.sy\/tr\/index.php?rest_route=\/wp\/v2\/users\/1"}],"replies":[{"embeddable":true,"href":"https:\/\/archive.sana.sy\/tr\/index.php?rest_route=%2Fwp%2Fv2%2Fcomments&post=35562"}],"version-history":[{"count":0,"href":"https:\/\/archive.sana.sy\/tr\/index.php?rest_route=\/wp\/v2\/posts\/35562\/revisions"}],"wp:featuredmedia":[{"embeddable":true,"href":"https:\/\/archive.sana.sy\/tr\/index.php?rest_route=\/wp\/v2\/media\/35564"}],"wp:attachment":[{"href":"https:\/\/archive.sana.sy\/tr\/index.php?rest_route=%2Fwp%2Fv2%2Fmedia&parent=35562"}],"wp:term":[{"taxonomy":"category","embeddable":true,"href":"https:\/\/archive.sana.sy\/tr\/index.php?rest_route=%2Fwp%2Fv2%2Fcategories&post=35562"},{"taxonomy":"post_tag","embeddable":true,"href":"https:\/\/archive.sana.sy\/tr\/index.php?rest_route=%2Fwp%2Fv2%2Ftags&post=35562"}],"curies":[{"name":"wp","href":"https:\/\/api.w.org\/{rel}","templated":true}]}}