{"id":35574,"date":"2015-06-03T15:45:27","date_gmt":"2015-06-03T12:45:27","guid":{"rendered":"http:\/\/sana.sy\/tr\/?p=35574"},"modified":"2015-06-04T19:06:28","modified_gmt":"2015-06-04T16:06:28","slug":"35574","status":"publish","type":"post","link":"https:\/\/archive.sana.sy\/tr\/?p=35574","title":{"rendered":"Ter\u00f6re Destekleriyle Bilinen T\u00fcrkiye ve Benzeri Devletlerin Kat\u0131l\u0131mlar\u0131 Ku\u015fku Kayna\u011f\u0131d\u0131r"},"content":{"rendered":"<p>\u015eAM \u2013 Suriye; Fransa d\u0131\u015fi\u015fleri bakan\u0131n\u0131n ilan etti\u011fi tutumlar ve ABD komutanl\u0131\u011f\u0131nda te\u015fkil edilen uluslar aras\u0131 koalisyonda \u00fcye devletlerin d\u00fcn Paris\u2019te d\u00fczenledikleri konferans bitiminde yay\u0131nlad\u0131klar\u0131 beyan\u0131n i\u00e7eri\u011fini k\u0131nad\u0131.<\/p>\n<p>SANA\u2019ya a\u00e7\u0131klama yapan D\u0131\u015fi\u015fleri ve Gurbet\u00e7iler Bakanl\u0131\u011f\u0131nda yetkili bir kaynak; s\u00f6z konusu beyan i\u00e7eri\u011finin, koalisyonun I\u015e\u0130D ve Nusra Cephesiyle temsil olan tekfirci ter\u00f6re kar\u015f\u0131 stratejilerin ba\u015far\u0131s\u0131zl\u0131\u011f\u0131n\u0131 net bir \u015fekilde kan\u0131tlad\u0131\u011f\u0131n\u0131 belirtti. Kaynak bu ba\u015far\u0131s\u0131zl\u0131\u011f\u0131n en bariz kan\u0131t\u0131n\u0131n ise koalisyon \u00fcyelerinin ba\u015far\u0131s\u0131zl\u0131klar\u0131n\u0131n sorumlulu\u011funu ter\u00f6rle bilfiil m\u00fccadele eden devletlere y\u00fckleme \u00e7abalar\u0131n\u0131 a\u00e7\u0131k bir \u015fekilde sergilediklerine dikkat \u00e7ekti.<\/p>\n<p>Bat\u0131l\u0131 devletlerin yanl\u0131\u015f politikalar\u0131n\u0131n, b\u00f6lge ve d\u00fcnya g\u00fcvenlik bar\u0131\u015f\u0131n\u0131 tehdit eden ter\u00f6r yay\u0131l\u0131m\u0131na uygun bir taban temin etti\u011fine dikkat \u00e7eken kaynak; Suriye&#8217;nin yan\u0131 s\u0131ra \u00e7ok say\u0131da uluslar aras\u0131 etkin g\u00fcc\u00fcn daha \u00f6nce bir\u00e7ok kez bunun tehlikesine kar\u015f\u0131 uyar\u0131da bulunduklar\u0131n\u0131 hat\u0131rlatt\u0131. Kaynak Suriye ve s\u00f6z konusu uluslar aras\u0131 g\u00fc\u00e7lerin her daim ter\u00f6rle m\u00fccadelede uluslar aras\u0131 ciddi ve d\u00fcr\u00fcst bir i\u015fbirli\u011finin olmas\u0131na ilaveten ter\u00f6rle m\u00fccadelenin ulusal egemenlik ve ba\u011f\u0131ms\u0131zl\u0131k kapsam\u0131nda olmas\u0131 gere\u011fine dikkat \u00e7ektiklerini, ter\u00f6r afetini yok etmenin de yegane yolunun bu oldu\u011funa vurgu yapt\u0131klar\u0131n\u0131 ifade etti.<\/p>\n<p>Bakanl\u0131k kayna\u011f\u0131; tekfirci ve kiral\u0131k ter\u00f6r \u00f6rg\u00fctlere her t\u00fcrl\u00fc deste\u011finin yan\u0131nda Suriye&#8217;ye giri\u015flerinin ana kap\u0131s\u0131 oldu\u011funun art\u0131k uzak yak\u0131n, k\u00fc\u00e7\u00fck b\u00fcy\u00fck herkes taraf\u0131ndan bilinen T\u00fcrkiye, Suudi Arabistan ve Katar gibi devletlerin Paris konferans\u0131na kat\u0131lmalar\u0131n\u0131n ba\u015fl\u0131 ba\u015f\u0131na bir ku\u015fku kayna\u011f\u0131 oldu\u011funu vurgulad\u0131. Bu devletlerin ter\u00f6r \u00f6rg\u00fctlere her t\u00fcrl\u00fc destekleri ve y\u0131k\u0131c\u0131 rollerinin kan\u0131tlarla bariz oldu\u011funa dikkat \u00e7eken kaynak; Uluslararas\u0131 G\u00fcvenlik Konseyinin ter\u00f6rle m\u00fccadele ve yabanc\u0131 ter\u00f6ristlere ili\u015fkin kanun ve kararlar\u0131n\u0131 net ve aleni bir \u015fekilde ihlal ettiklerinin alt\u0131n\u0131 \u00e7izdi.<\/p>\n<p>Suriye&#8217;nin ordu ve halk olarak yurdun her kar\u0131\u015f topra\u011f\u0131nda ter\u00f6re kar\u015f\u0131 \u00f6zveri ve azile sava\u015ft\u0131\u011f\u0131na vurgu yapan kaynak; buna e\u015f zamanl\u0131 olarak yine yurdun her kar\u0131\u015f topra\u011f\u0131nda ulusal uzla\u015fmalar\u0131 peki\u015ftirmeye \u00f6zen g\u00f6sterdi\u011fini ifade etti. Kaynak Suriye h\u00fck\u00fcmetinin de \u00fclkedeki krizin \u00e7\u00f6z\u00fcm\u00fc y\u00f6n\u00fcndeki t\u00fcm \u00e7aba ve giri\u015fimlere olumlu yakla\u015ft\u0131\u011f\u0131n\u0131n alt\u0131n\u0131 \u00e7izdi.<\/p>\n<p>Fransa h\u00fck\u00fcmetinin bunlara e\u015f zamanl\u0131 olarak ucuz \u00e7\u0131karlar\u0131 u\u011fruna ve s\u00f6m\u00fcr\u00fcc\u00fc miras\u0131 kapsam\u0131nda Suriye&#8217;de uzla\u015fma ve \u00e7\u00f6z\u00fcm \u00e7abalar\u0131n\u0131 baltalamak i\u00e7in elinden gelen her gayreti g\u00f6sterdi\u011fini belirten kaynak; hatta bunun \u00f6tesine gidip ter\u00f6r \u00f6rg\u00fctlere her t\u00fcrl\u00fc askeri ve lojistik deste\u011fi temin etmeye \u00e7al\u0131\u015ft\u0131\u011f\u0131n\u0131 ifade etti. Kaynak t\u00fcm bu tutum ve davran\u0131\u015flar\u0131n Frans\u0131z h\u00fck\u00fcmetinin \u00f6ne s\u00fcrd\u00fc\u011f\u00fc tutum ve politikalarda g\u00fcvenirli\u011fini kaybettirdi\u011fini, bundan da ziyade Suriyelilerin kanlar\u0131n\u0131n ak\u0131t\u0131lmas\u0131nda onu ortak k\u0131ld\u0131\u011f\u0131n\u0131n alt\u0131n\u0131 \u00e7izdi.<\/p>\n<p>A.A. &#8211; M.M.<\/p>\n","protected":false},"excerpt":{"rendered":"<p>\u015eAM \u2013 Suriye; Fransa d\u0131\u015fi\u015fleri bakan\u0131n\u0131n ilan etti\u011fi tutumlar ve ABD komutanl\u0131\u011f\u0131nda te\u015fkil edilen uluslar aras\u0131 koalisyonda \u00fcye devletlerin d\u00fcn Paris\u2019te d\u00fczenledikleri konferans bitiminde yay\u0131nlad\u0131klar\u0131 beyan\u0131n i\u00e7eri\u011fini k\u0131nad\u0131. SANA\u2019ya a\u00e7\u0131klama yapan D\u0131\u015fi\u015fleri ve Gurbet\u00e7iler Bakanl\u0131\u011f\u0131nda yetkili bir kaynak; s\u00f6z konusu beyan i\u00e7eri\u011finin, koalisyonun I\u015e\u0130D ve Nusra Cephesiyle temsil olan tekfirci ter\u00f6re kar\u015f\u0131 stratejilerin ba\u015far\u0131s\u0131zl\u0131\u011f\u0131n\u0131 net &hellip;<\/p>\n","protected":false},"author":1,"featured_media":34538,"comment_status":"closed","ping_status":"closed","sticky":false,"template":"","format":"standard","meta":{"footnotes":""},"categories":[479,2554,2555,478],"tags":[14969],"class_list":["post-35574","post","type-post","status-publish","format-standard","has-post-thumbnail","","category-haberler-yerel","category-suriye-ve-dunya","category-suriye-ve-turkiye","category-yerel","tag-terore-destekleriyle-bilinen-turkiye-ve-benzeri-devletlerin-katilimlari-kusku-kaynagidir"],"_links":{"self":[{"href":"https:\/\/archive.sana.sy\/tr\/index.php?rest_route=\/wp\/v2\/posts\/35574","targetHints":{"allow":["GET"]}}],"collection":[{"href":"https:\/\/archive.sana.sy\/tr\/index.php?rest_route=\/wp\/v2\/posts"}],"about":[{"href":"https:\/\/archive.sana.sy\/tr\/index.php?rest_route=\/wp\/v2\/types\/post"}],"author":[{"embeddable":true,"href":"https:\/\/archive.sana.sy\/tr\/index.php?rest_route=\/wp\/v2\/users\/1"}],"replies":[{"embeddable":true,"href":"https:\/\/archive.sana.sy\/tr\/index.php?rest_route=%2Fwp%2Fv2%2Fcomments&post=35574"}],"version-history":[{"count":0,"href":"https:\/\/archive.sana.sy\/tr\/index.php?rest_route=\/wp\/v2\/posts\/35574\/revisions"}],"wp:featuredmedia":[{"embeddable":true,"href":"https:\/\/archive.sana.sy\/tr\/index.php?rest_route=\/wp\/v2\/media\/34538"}],"wp:attachment":[{"href":"https:\/\/archive.sana.sy\/tr\/index.php?rest_route=%2Fwp%2Fv2%2Fmedia&parent=35574"}],"wp:term":[{"taxonomy":"category","embeddable":true,"href":"https:\/\/archive.sana.sy\/tr\/index.php?rest_route=%2Fwp%2Fv2%2Fcategories&post=35574"},{"taxonomy":"post_tag","embeddable":true,"href":"https:\/\/archive.sana.sy\/tr\/index.php?rest_route=%2Fwp%2Fv2%2Ftags&post=35574"}],"curies":[{"name":"wp","href":"https:\/\/api.w.org\/{rel}","templated":true}]}}