{"id":3558,"date":"2014-06-21T13:20:32","date_gmt":"2014-06-21T10:20:32","guid":{"rendered":"http:\/\/sanasyria.org\/tr\/?p=3558"},"modified":"2014-06-21T17:14:34","modified_gmt":"2014-06-21T14:14:34","slug":"sam-kirsalinda-23-kisi-serbest-birakildi","status":"publish","type":"post","link":"https:\/\/archive.sana.sy\/tr\/?p=3558","title":{"rendered":"\u015eam K\u0131rsal\u0131nda 23 ki\u015fi Serbest B\u0131rak\u0131ld\u0131"},"content":{"rendered":"<p>\u015eAM KIRSALI \u2013 \u015eam \u00c7evre Kent Ba\u015fsavc\u0131s\u0131 Ahmet el Seyyit; 09\/06\/2014 tarihinden \u00f6nce i\u015flenen su\u00e7lar i\u00e7in genel af \u00f6ng\u00f6ren 2014\/22 say\u0131l\u0131 karar kapsam\u0131nda bug\u00fcn 23 ki\u015finin serbest b\u0131rak\u0131ld\u0131\u011f\u0131n\u0131 a\u00e7\u0131klad\u0131.<\/p>\n<p>S\u00f6z konusu genel af karar\u0131 kapsam\u0131nda muhtelif illerde y\u00fczlerce ki\u015fi serbest b\u0131rak\u0131lm\u0131\u015ft\u0131.<\/p>\n","protected":false},"excerpt":{"rendered":"<p>\u015eAM KIRSALI \u2013 \u015eam \u00c7evre Kent Ba\u015fsavc\u0131s\u0131 Ahmet el Seyyit; 09\/06\/2014 tarihinden \u00f6nce i\u015flenen su\u00e7lar i\u00e7in genel af \u00f6ng\u00f6ren 2014\/22 say\u0131l\u0131 karar kapsam\u0131nda bug\u00fcn 23 ki\u015finin serbest b\u0131rak\u0131ld\u0131\u011f\u0131n\u0131 a\u00e7\u0131klad\u0131. S\u00f6z konusu genel af karar\u0131 kapsam\u0131nda muhtelif illerde y\u00fczlerce ki\u015fi serbest b\u0131rak\u0131lm\u0131\u015ft\u0131.<\/p>\n","protected":false},"author":1,"featured_media":3559,"comment_status":"closed","ping_status":"closed","sticky":false,"template":"","format":"standard","meta":{"footnotes":""},"categories":[479,478],"tags":[774],"class_list":["post-3558","post","type-post","status-publish","format-standard","has-post-thumbnail","","category-haberler-yerel","category-yerel","tag-sam-kirsalinda-23-kisi-serbest-birakildi"],"_links":{"self":[{"href":"https:\/\/archive.sana.sy\/tr\/index.php?rest_route=\/wp\/v2\/posts\/3558","targetHints":{"allow":["GET"]}}],"collection":[{"href":"https:\/\/archive.sana.sy\/tr\/index.php?rest_route=\/wp\/v2\/posts"}],"about":[{"href":"https:\/\/archive.sana.sy\/tr\/index.php?rest_route=\/wp\/v2\/types\/post"}],"author":[{"embeddable":true,"href":"https:\/\/archive.sana.sy\/tr\/index.php?rest_route=\/wp\/v2\/users\/1"}],"replies":[{"embeddable":true,"href":"https:\/\/archive.sana.sy\/tr\/index.php?rest_route=%2Fwp%2Fv2%2Fcomments&post=3558"}],"version-history":[{"count":0,"href":"https:\/\/archive.sana.sy\/tr\/index.php?rest_route=\/wp\/v2\/posts\/3558\/revisions"}],"wp:featuredmedia":[{"embeddable":true,"href":"https:\/\/archive.sana.sy\/tr\/index.php?rest_route=\/wp\/v2\/media\/3559"}],"wp:attachment":[{"href":"https:\/\/archive.sana.sy\/tr\/index.php?rest_route=%2Fwp%2Fv2%2Fmedia&parent=3558"}],"wp:term":[{"taxonomy":"category","embeddable":true,"href":"https:\/\/archive.sana.sy\/tr\/index.php?rest_route=%2Fwp%2Fv2%2Fcategories&post=3558"},{"taxonomy":"post_tag","embeddable":true,"href":"https:\/\/archive.sana.sy\/tr\/index.php?rest_route=%2Fwp%2Fv2%2Ftags&post=3558"}],"curies":[{"name":"wp","href":"https:\/\/api.w.org\/{rel}","templated":true}]}}