{"id":3561,"date":"2014-06-21T13:38:44","date_gmt":"2014-06-21T10:38:44","guid":{"rendered":"http:\/\/sanasyria.org\/tr\/?p=3561"},"modified":"2014-06-26T13:07:04","modified_gmt":"2014-06-26T10:07:04","slug":"dis-borazanlari-soke-etti","status":"publish","type":"post","link":"https:\/\/archive.sana.sy\/tr\/?p=3561","title":{"rendered":"D\u0131\u015f Borazanlar\u0131 \u015eoke Etti"},"content":{"rendered":"<p>BEYRUT \u2013 D\u0131\u015fi\u015fleri ve Gurbet\u00e7iler Bakan\u0131 Yard\u0131mc\u0131s\u0131 Faysal Mikdat Suriye halk\u0131n\u0131n cumhurba\u015fkanl\u0131\u011f\u0131 se\u00e7imleri arac\u0131l\u0131\u011f\u0131 ile d\u00fcnyaya \u00f6nemli bir mesaj g\u00f6nderdi\u011fine dikkat \u00e7ekti.<\/p>\n<p>Mikdat L\u00fcbnanl\u0131 el Bina Gazetesinin bug\u00fcnk\u00fc say\u0131s\u0131nda yay\u0131nlanan makalesinde; Suriye halk\u0131n\u0131n se\u00e7imlere yo\u011fun kat\u0131l\u0131m\u0131 ve Cumhurba\u015fkan\u0131 Be\u015f\u015far el Esad\u2019\u0131 mutlak \u00e7o\u011funlukla se\u00e7mesinin, Suriye&#8217;yi devlet ve halk olarak hedef alan \u00e7okuluslu ter\u00f6r gruplar\u0131 ve destek\u00e7ilerine teslim olmayaca\u011f\u0131n\u0131, egemenlik ve ba\u011f\u0131ms\u0131zl\u0131\u011f\u0131n\u0131 kararl\u0131l\u0131k ve azimle savunaca\u011f\u0131n\u0131 vurgulad\u0131\u011f\u0131n\u0131 belirtti.<\/p>\n<p>Suriye halk\u0131n\u0131n se\u00e7imler arac\u0131l\u0131\u011f\u0131yla ayr\u0131ca gerek kimi devletlerin ba\u015fkanlar\u0131 gerekse d\u0131\u015fi\u015fleri bakanlar\u0131ndan olu\u015fan d\u0131\u015f borazanlar\u0131 \u015foke etti\u011fini ifade eden Mikdat; halklar\u0131n iradesine ve se\u00e7ene\u011fine sayg\u0131 duymayan bu borazanlara h\u00fcr halklar\u0131n dezenformasyon ve dayatmalar\u0131 kabul etmelerinin m\u00fcmk\u00fcn olmad\u0131\u011f\u0131n\u0131 kan\u0131tlad\u0131\u011f\u0131na dikkat \u00e7ekti.<\/p>\n<p>ABD, Fransa ve \u0130ngiltere&#8217;nin Suriye ve Irak\u2019ta Kaide \u00d6rg\u00fct\u00fcn\u00fcn bir kolu olan \u2018Irak ve \u015eam \u0130slami Devleti\u2019 adl\u0131 tekfirci ter\u00f6r olu\u015fumuna ili\u015fkin tutum ve a\u00e7\u0131klamalar\u0131n\u0131 ele\u015ftiren Mikdat; bu \u00f6rg\u00fct\u00fcn Suriye&#8217;deki krizden y\u0131llar \u00f6nce Irak\u2019ta ter\u00f6r eylemlerine ba\u015flad\u0131\u011f\u0131na ve ard\u0131ndan da Suriye&#8217;ye ta\u015f\u0131nd\u0131\u011f\u0131na i\u015faret etti.<\/p>\n<p>Mikdat Bat\u0131n\u0131n s\u00f6m\u00fcr\u00fcc\u00fc emperyalist politikalar\u0131na de\u011finirken Fransa&#8217;n\u0131n Suriye, L\u00fcbnan ve Cezayir&#8217;de s\u00f6m\u00fcr\u00fc ve insanl\u0131k su\u00e7lar\u0131na dikkat \u00e7ekti. Halklar\u0131n davalar\u0131n\u0131n zamanla ge\u00e7erlili\u011fini yitirmedi\u011fine vurgu yapan Mikdat; insanl\u0131k su\u00e7lar\u0131 i\u015fleyen devlet ve \u015fah\u0131slardan hesap sorulmas\u0131 gere\u011fini ifade etti.<\/p>\n<p>Bakan Yard\u0131mc\u0131s\u0131 Mikdat \u0130ngiltere&#8217;nin Filistin halk\u0131n\u0131 topraklar\u0131ndan kovarak bu topraklar\u0131 siyonist \u0130srail&#8217;e hediye olarak takdim etti\u011fine dikkat \u00e7ekerek, bunun \u0130ngiltere&#8217;nin say\u0131s\u0131z insanl\u0131k d\u0131\u015f\u0131 su\u00e7lar\u0131ndan sadece biri oldu\u011funa i\u015faret etti.<\/p>\n<p>&nbsp;<\/p>\n","protected":false},"excerpt":{"rendered":"<p>BEYRUT \u2013 D\u0131\u015fi\u015fleri ve Gurbet\u00e7iler Bakan\u0131 Yard\u0131mc\u0131s\u0131 Faysal Mikdat Suriye halk\u0131n\u0131n cumhurba\u015fkanl\u0131\u011f\u0131 se\u00e7imleri arac\u0131l\u0131\u011f\u0131 ile d\u00fcnyaya \u00f6nemli bir mesaj g\u00f6nderdi\u011fine dikkat \u00e7ekti. Mikdat L\u00fcbnanl\u0131 el Bina Gazetesinin bug\u00fcnk\u00fc say\u0131s\u0131nda yay\u0131nlanan makalesinde; Suriye halk\u0131n\u0131n se\u00e7imlere yo\u011fun kat\u0131l\u0131m\u0131 ve Cumhurba\u015fkan\u0131 Be\u015f\u015far el Esad\u2019\u0131 mutlak \u00e7o\u011funlukla se\u00e7mesinin, Suriye&#8217;yi devlet ve halk olarak hedef alan \u00e7okuluslu ter\u00f6r gruplar\u0131 ve &hellip;<\/p>\n","protected":false},"author":1,"featured_media":3562,"comment_status":"closed","ping_status":"closed","sticky":false,"template":"","format":"standard","meta":{"footnotes":""},"categories":[558,556,458,459,447,560],"tags":[775],"class_list":["post-3561","post","type-post","status-publish","format-standard","has-post-thumbnail","","category-arap-basini","category-basin","category-dunya1","category-haberler-arap-uluslararasi-politika","category-politika","category-secme-makaleler","tag-dis-borazanlari-soke-etti"],"_links":{"self":[{"href":"https:\/\/archive.sana.sy\/tr\/index.php?rest_route=\/wp\/v2\/posts\/3561","targetHints":{"allow":["GET"]}}],"collection":[{"href":"https:\/\/archive.sana.sy\/tr\/index.php?rest_route=\/wp\/v2\/posts"}],"about":[{"href":"https:\/\/archive.sana.sy\/tr\/index.php?rest_route=\/wp\/v2\/types\/post"}],"author":[{"embeddable":true,"href":"https:\/\/archive.sana.sy\/tr\/index.php?rest_route=\/wp\/v2\/users\/1"}],"replies":[{"embeddable":true,"href":"https:\/\/archive.sana.sy\/tr\/index.php?rest_route=%2Fwp%2Fv2%2Fcomments&post=3561"}],"version-history":[{"count":0,"href":"https:\/\/archive.sana.sy\/tr\/index.php?rest_route=\/wp\/v2\/posts\/3561\/revisions"}],"wp:featuredmedia":[{"embeddable":true,"href":"https:\/\/archive.sana.sy\/tr\/index.php?rest_route=\/wp\/v2\/media\/3562"}],"wp:attachment":[{"href":"https:\/\/archive.sana.sy\/tr\/index.php?rest_route=%2Fwp%2Fv2%2Fmedia&parent=3561"}],"wp:term":[{"taxonomy":"category","embeddable":true,"href":"https:\/\/archive.sana.sy\/tr\/index.php?rest_route=%2Fwp%2Fv2%2Fcategories&post=3561"},{"taxonomy":"post_tag","embeddable":true,"href":"https:\/\/archive.sana.sy\/tr\/index.php?rest_route=%2Fwp%2Fv2%2Ftags&post=3561"}],"curies":[{"name":"wp","href":"https:\/\/api.w.org\/{rel}","templated":true}]}}