{"id":35627,"date":"2015-06-04T09:04:23","date_gmt":"2015-06-04T06:04:23","guid":{"rendered":"http:\/\/sana.sy\/tr\/?p=35627"},"modified":"2015-06-04T09:26:24","modified_gmt":"2015-06-04T06:26:24","slug":"abdulhadi-teroristler-kampa-israile-hizmet-eden-bolgesel-kararla-girdi","status":"publish","type":"post","link":"https:\/\/archive.sana.sy\/tr\/?p=35627","title":{"rendered":"Abdulhadi: Ter\u00f6ristler Kampa \u0130srail\u2019e Hizmet Eden B\u00f6lgesel Kararla Girdi"},"content":{"rendered":"<p>\u015eAM \u2013 Filistin Kurtulu\u015f \u00d6rg\u00fct\u00fc Politb\u00fcro M\u00fcd\u00fcr\u00fc B\u00fcy\u00fckel\u00e7i Enver Abdulhadi, Filistinlilere \u00e7a\u011fda\u015f devrimlerini ba\u015flatmalar\u0131 i\u00e7in b\u00fct\u00fcn yard\u0131m ve imkanlar\u0131 sunan Arap \u00fclkesinin Suriye oldu\u011funu dolay\u0131s\u0131yla onunla ili\u015fkilerin her ne olursa olsun daima iyiye gitti\u011fini belirterek, \u00f6l\u00fcmleri durdurmak, Suriye\u2019nin birli\u011fini korumak ve krizi Suriyelilerin kendi aralar\u0131nda \u00e7\u00f6zmeleri i\u00e7in Suriyeli-Suriyeli diyaloguna \u00e7a\u011fr\u0131 yapt\u0131.<\/p>\n<p>Suriye Televizyonu ile r\u00f6portajda Abdulhadi, \u201cSuriye\u2019nin \u015fikayet\u00e7i oldu\u011fu kriz g\u00f6lgesinde d\u00fcnyaya, ter\u00f6r ve \u201cI\u015e\u0130D\u201de kar\u015f\u0131 oldu\u011fumuzu, \u00f6zellikle Yerm\u00fck Kamp\u0131 olmak \u00fczere \u201cI\u015e\u0130D ve \u201cNusra\u201d gibi ter\u00f6r \u00f6rg\u00fctlerinin ge\u00e7mesi ard\u0131ndan Filistin kamplar\u0131 konusunda Suriye Devleti ile i\u015fbirli\u011fi yapt\u0131\u011f\u0131m\u0131z\u0131 belirten bir mesaj vermemiz gerekiyordu\u201d dedi.<\/p>\n<p>Abdulhadi, Suriye h\u00fck\u00fcmetiyle i\u015fbirli\u011fi i\u00e7inde her alanda halk\u0131m\u0131z\u0131n ac\u0131lar\u0131n\u0131 hafifletmek i\u00e7in geldiklerini, ba\u015fta Yerm\u00fck Kamp\u0131 olmak \u00fczere Filistinlilerin maruz kald\u0131\u011f\u0131 herhangi bir sorunun \u00e7\u00f6z\u00fcm\u00fcnde Suriyeliler nezdinde anlay\u0131\u015f ve her t\u00fcr yard\u0131mlar\u0131 g\u00f6rd\u00fcklerini ifade etti.<\/p>\n<p>B\u00fcy\u00fckel\u00e7i Abdulhadi, ter\u00f6ristlerin geri d\u00f6n\u00fc\u015f hakk\u0131n\u0131n sembol\u00fc olan Yerm\u00fck Kamp\u0131na girme kararlar\u0131n\u0131n zati olmad\u0131\u011f\u0131n\u0131 bilakis, hedefi Filistinlilerin bu haklar\u0131n\u0131 unutmalar\u0131 i\u00e7in \u0130srail\u2019e hizmet eden b\u00f6lgesel karar oldu\u011funa dikkat \u00e7ekti.<\/p>\n<p>Abdulhadi, ter\u00f6rist silahl\u0131lar\u0131 destekleyen b\u00f6lgesel taraflar\u0131n Yerm\u00fck Kamp\u0131n\u0131 kullanarak Suriye h\u00fck\u00fcmetine \u00f6d\u00fcn vermesi i\u00e7in bask\u0131 uygulayabileceklerini zannettiklerini lakin, bu taraflar\u0131n hayal i\u00e7inde olduklar\u0131n\u0131, her ne olursa olsun Filistinlinin geri d\u00f6n\u00fc\u015f hakk\u0131na ba\u011fl\u0131 kalacaklar\u0131n\u0131, Suriye h\u00fck\u00fcmetinin de her ne olursa olsun Kamp\u0131 iptal etmeyece\u011fini, onunla birlikte hedeflerinin ise insan hayat\u0131n\u0131 korumak, kan ak\u0131\u015f\u0131n\u0131 durdurmak ve y\u0131k\u0131m\u0131 \u00f6nlemek oldu\u011funu ifade etti.<\/p>\n<p>Suriye\u2019nin egemenli\u011fine sayg\u0131 duyduklar\u0131n\u0131 vurgulayan Abdulhadi, Yerm\u00fck Kamp\u0131nda cereyan edenlere y\u00f6nelik Suriye h\u00fck\u00fcmetinin b\u00fcy\u00fck anlay\u0131\u015f g\u00f6sterdi\u011fini kendilerinin de bu konuda al\u0131nacak herhangi kararla birlikte olduklar\u0131n\u0131 \u00e7\u00fcnk\u00fc bir Suriye topra\u011f\u0131 oldu\u011funu ve kendilerine Yerm\u00fck Kamp\u0131na girmek istemediklerini haber verdi\u011fine \u00e7\u00fcnk\u00fc girmesi halinde d\u00fcnyan\u0131n I\u015e\u0130D ter\u00f6r \u00f6rg\u00fct\u00fcn\u00fcn kampta yapt\u0131klar\u0131n\u0131 unutaca\u011f\u0131n\u0131 ve \u00f6ld\u00fcrme ve y\u0131k\u0131m ile kampta cereyan edenlerin sorumlulu\u011funu Suriye h\u00fck\u00fcmetine y\u00fckleyece\u011fine dikkat \u00e7ekti.<\/p>\n<p>B\u00fcy\u00fckel\u00e7i Abdulhadi, Filistin halk\u0131n\u0131n \u00e7o\u011funlu\u011funun Filistin\u2019in Suriye\u2019nin i\u00e7i\u015flerine kar\u0131\u015fmamas\u0131 karar\u0131na sayg\u0131 duydu\u011funu ekleyerek, Suriye\u2019nin d\u0131\u015f sald\u0131r\u0131ya maruz kalmas\u0131 halinde Suriye\u2019nin yan\u0131nda sava\u015facaklar\u0131n\u0131 vurgulad\u0131.<\/p>\n<p>Abdulhadi, kamp dahilinde kalanlar\u0131n say\u0131s\u0131n\u0131n Suriye ve Filistinli olmak \u00fczere yakla\u015f\u0131k 7 bin civar\u0131nda oldu\u011funu ve I\u015e\u0130D ter\u00f6r \u00f6rg\u00fct\u00fcn\u00fcn canl\u0131 kalkan olarak kullanmas\u0131 amac\u0131yla kamp d\u0131\u015f\u0131na \u00e7\u0131kmalar\u0131ndan men etti\u011fini ifade etti.<\/p>\n<p>Abdulhadi, \u015eam\u2019daki Avrupa Birli\u011fi B\u00fcy\u00fckel\u00e7ileriyle g\u00f6r\u00fc\u015fmesi esnas\u0131nda, Suriye\u2019deki Filistinlilerin sorununun Suriye devleti ile de\u011fil silahl\u0131lar ve ter\u00f6rist \u00f6rg\u00fctlerle oldu\u011funu s\u00f6yledi\u011fine i\u015faret etti.<\/p>\n<p>S.\u015e &#8211; R.H.<\/p>\n","protected":false},"excerpt":{"rendered":"<p>\u015eAM \u2013 Filistin Kurtulu\u015f \u00d6rg\u00fct\u00fc Politb\u00fcro M\u00fcd\u00fcr\u00fc B\u00fcy\u00fckel\u00e7i Enver Abdulhadi, Filistinlilere \u00e7a\u011fda\u015f devrimlerini ba\u015flatmalar\u0131 i\u00e7in b\u00fct\u00fcn yard\u0131m ve imkanlar\u0131 sunan Arap \u00fclkesinin Suriye oldu\u011funu dolay\u0131s\u0131yla onunla ili\u015fkilerin her ne olursa olsun daima iyiye gitti\u011fini belirterek, \u00f6l\u00fcmleri durdurmak, Suriye\u2019nin birli\u011fini korumak ve krizi Suriyelilerin kendi aralar\u0131nda \u00e7\u00f6zmeleri i\u00e7in Suriyeli-Suriyeli diyaloguna \u00e7a\u011fr\u0131 yapt\u0131. Suriye Televizyonu ile r\u00f6portajda &hellip;<\/p>\n","protected":false},"author":1,"featured_media":35629,"comment_status":"closed","ping_status":"closed","sticky":false,"template":"","format":"standard","meta":{"footnotes":""},"categories":[447,2554],"tags":[14974],"class_list":["post-35627","post","type-post","status-publish","format-standard","has-post-thumbnail","","category-politika","category-suriye-ve-dunya","tag-abdulhadi-teroristler-kampa-israile-hizmet-eden-bolgesel-kararla-girdi"],"_links":{"self":[{"href":"https:\/\/archive.sana.sy\/tr\/index.php?rest_route=\/wp\/v2\/posts\/35627","targetHints":{"allow":["GET"]}}],"collection":[{"href":"https:\/\/archive.sana.sy\/tr\/index.php?rest_route=\/wp\/v2\/posts"}],"about":[{"href":"https:\/\/archive.sana.sy\/tr\/index.php?rest_route=\/wp\/v2\/types\/post"}],"author":[{"embeddable":true,"href":"https:\/\/archive.sana.sy\/tr\/index.php?rest_route=\/wp\/v2\/users\/1"}],"replies":[{"embeddable":true,"href":"https:\/\/archive.sana.sy\/tr\/index.php?rest_route=%2Fwp%2Fv2%2Fcomments&post=35627"}],"version-history":[{"count":0,"href":"https:\/\/archive.sana.sy\/tr\/index.php?rest_route=\/wp\/v2\/posts\/35627\/revisions"}],"wp:featuredmedia":[{"embeddable":true,"href":"https:\/\/archive.sana.sy\/tr\/index.php?rest_route=\/wp\/v2\/media\/35629"}],"wp:attachment":[{"href":"https:\/\/archive.sana.sy\/tr\/index.php?rest_route=%2Fwp%2Fv2%2Fmedia&parent=35627"}],"wp:term":[{"taxonomy":"category","embeddable":true,"href":"https:\/\/archive.sana.sy\/tr\/index.php?rest_route=%2Fwp%2Fv2%2Fcategories&post=35627"},{"taxonomy":"post_tag","embeddable":true,"href":"https:\/\/archive.sana.sy\/tr\/index.php?rest_route=%2Fwp%2Fv2%2Ftags&post=35627"}],"curies":[{"name":"wp","href":"https:\/\/api.w.org\/{rel}","templated":true}]}}