{"id":3565,"date":"2014-06-21T14:00:08","date_gmt":"2014-06-21T11:00:08","guid":{"rendered":"http:\/\/sanasyria.org\/tr\/?p=3565"},"modified":"2014-06-21T16:09:02","modified_gmt":"2014-06-21T13:09:02","slug":"ilkogretim-sinav-sonuclari-aciklandi","status":"publish","type":"post","link":"https:\/\/archive.sana.sy\/tr\/?p=3565","title":{"rendered":"\u0130lk\u00f6\u011fretim S\u0131nav Sonu\u00e7lar\u0131 A\u00e7\u0131kland\u0131"},"content":{"rendered":"<p>\u015eAM \u2013 E\u011fitim bakanl\u0131\u011f\u0131 bug\u00fcn ilk\u00f6\u011fretim ve \u015feriat okullar\u0131 s\u0131navlar\u0131n\u0131n sonu\u00e7lar\u0131n\u0131 a\u00e7\u0131klad\u0131.<\/p>\n<p>E\u011fitim Bakan\u0131 Hezvan el Vez bug\u00fcn d\u00fczenledi\u011fi bas\u0131n konferans\u0131nda ilk\u00f6\u011fretim s\u0131nav sonu\u00e7lar\u0131nda ba\u015far\u0131 oran\u0131n\u0131n %74.44\u2019e ula\u015ft\u0131\u011f\u0131n\u0131 a\u00e7\u0131klarken, s\u0131navlara kat\u0131lan 322902 \u00f6\u011frenciden 240383 \u00f6\u011frencinin s\u0131nav\u0131 ge\u00e7ti\u011fini belirtti.<\/p>\n<p>Bakan el Vez \u015feriat ortaokullar\u0131nda ise ba\u015far\u0131 oran\u0131n\u0131n %84.1 oldu\u011funu aktar\u0131rken, s\u0131navlara kat\u0131lan 1912 \u00f6\u011frenciden 1608 \u00f6\u011frencinin s\u0131navlar\u0131 kazand\u0131klar\u0131n\u0131 s\u00f6yledi.<\/p>\n<p>\u015eam, Homs, Hama ve Lazkiye illerinden 8 \u00f6\u011frencinin ilk\u00f6\u011fretim s\u0131navlar\u0131nda tam puan ald\u0131klar\u0131n\u0131 belirten Vez; s\u0131navlarda 2790 ve \u00fczerin puan alan 17884 \u00f6\u011frencinin onur belgesi ald\u0131klar\u0131n\u0131 s\u00f6yledi.<\/p>\n","protected":false},"excerpt":{"rendered":"<p>\u015eAM \u2013 E\u011fitim bakanl\u0131\u011f\u0131 bug\u00fcn ilk\u00f6\u011fretim ve \u015feriat okullar\u0131 s\u0131navlar\u0131n\u0131n sonu\u00e7lar\u0131n\u0131 a\u00e7\u0131klad\u0131. E\u011fitim Bakan\u0131 Hezvan el Vez bug\u00fcn d\u00fczenledi\u011fi bas\u0131n konferans\u0131nda ilk\u00f6\u011fretim s\u0131nav sonu\u00e7lar\u0131nda ba\u015far\u0131 oran\u0131n\u0131n %74.44\u2019e ula\u015ft\u0131\u011f\u0131n\u0131 a\u00e7\u0131klarken, s\u0131navlara kat\u0131lan 322902 \u00f6\u011frenciden 240383 \u00f6\u011frencinin s\u0131nav\u0131 ge\u00e7ti\u011fini belirtti. Bakan el Vez \u015feriat ortaokullar\u0131nda ise ba\u015far\u0131 oran\u0131n\u0131n %84.1 oldu\u011funu aktar\u0131rken, s\u0131navlara kat\u0131lan 1912 \u00f6\u011frenciden 1608 \u00f6\u011frencinin &hellip;<\/p>\n","protected":false},"author":1,"featured_media":3586,"comment_status":"closed","ping_status":"closed","sticky":false,"template":"","format":"standard","meta":{"footnotes":""},"categories":[479,478],"tags":[776],"class_list":["post-3565","post","type-post","status-publish","format-standard","has-post-thumbnail","","category-haberler-yerel","category-yerel","tag-ilkogretim-sinav-sonuclari-aciklandi"],"_links":{"self":[{"href":"https:\/\/archive.sana.sy\/tr\/index.php?rest_route=\/wp\/v2\/posts\/3565","targetHints":{"allow":["GET"]}}],"collection":[{"href":"https:\/\/archive.sana.sy\/tr\/index.php?rest_route=\/wp\/v2\/posts"}],"about":[{"href":"https:\/\/archive.sana.sy\/tr\/index.php?rest_route=\/wp\/v2\/types\/post"}],"author":[{"embeddable":true,"href":"https:\/\/archive.sana.sy\/tr\/index.php?rest_route=\/wp\/v2\/users\/1"}],"replies":[{"embeddable":true,"href":"https:\/\/archive.sana.sy\/tr\/index.php?rest_route=%2Fwp%2Fv2%2Fcomments&post=3565"}],"version-history":[{"count":0,"href":"https:\/\/archive.sana.sy\/tr\/index.php?rest_route=\/wp\/v2\/posts\/3565\/revisions"}],"wp:featuredmedia":[{"embeddable":true,"href":"https:\/\/archive.sana.sy\/tr\/index.php?rest_route=\/wp\/v2\/media\/3586"}],"wp:attachment":[{"href":"https:\/\/archive.sana.sy\/tr\/index.php?rest_route=%2Fwp%2Fv2%2Fmedia&parent=3565"}],"wp:term":[{"taxonomy":"category","embeddable":true,"href":"https:\/\/archive.sana.sy\/tr\/index.php?rest_route=%2Fwp%2Fv2%2Fcategories&post=3565"},{"taxonomy":"post_tag","embeddable":true,"href":"https:\/\/archive.sana.sy\/tr\/index.php?rest_route=%2Fwp%2Fv2%2Ftags&post=3565"}],"curies":[{"name":"wp","href":"https:\/\/api.w.org\/{rel}","templated":true}]}}