{"id":35654,"date":"2015-06-04T21:06:50","date_gmt":"2015-06-04T18:06:50","guid":{"rendered":"http:\/\/sana.sy\/tr\/?p=35654"},"modified":"2015-06-05T20:35:00","modified_gmt":"2015-06-05T17:35:00","slug":"ermeni-halkina-karsi-katliamlar-isleyen-osmanlilari-temsil-eden-erdogan-ve-hukumeti-suriye-halkina-karsi-ayni-edatlari-kullaniyor","status":"publish","type":"post","link":"https:\/\/archive.sana.sy\/tr\/?p=35654","title":{"rendered":"Parlamentolar Uluslararas\u0131 Topluma Bask\u0131 Uygulamal\u0131d\u0131r"},"content":{"rendered":"<p>\u015eAM \u2013 Cumhurba\u015fkan\u0131 Be\u015f\u015far el Esad bu g\u00fcn sabah saatlerinde Ermenistan Parlamentosunda Suriye &#8211; Ermenistan Dostluk Grubu heyetini kabul etti.<\/p>\n<p><a href=\"http:\/\/sana.sy\/tr\/wp-content\/uploads\/2015\/06\/02.jpg\"><img loading=\"lazy\" decoding=\"async\" class=\" size-medium wp-image-35663 alignright\" src=\"http:\/\/sana.sy\/tr\/wp-content\/uploads\/2015\/06\/02-300x175.jpg\" alt=\"02\" width=\"300\" height=\"175\" srcset=\"https:\/\/archive.sana.sy\/tr\/wp-content\/uploads\/2015\/06\/02-300x175.jpg 300w, https:\/\/archive.sana.sy\/tr\/wp-content\/uploads\/2015\/06\/02-150x88.jpg 150w, https:\/\/archive.sana.sy\/tr\/wp-content\/uploads\/2015\/06\/02-1024x598.jpg 1024w\" sizes=\"auto, (max-width: 300px) 100vw, 300px\" \/><\/a>Ermeni heyet ba\u015fkan\u0131 Tajat Vardabitaan Ermeni halk\u0131n\u0131n, g\u00fcn\u00fcm\u00fczde herkes taraf\u0131ndan bilinen belli ba\u015fl\u0131 b\u00f6lgesel devletlerin destekledikleri ter\u00f6r \u00f6rg\u00fctleri taraf\u0131ndan maruz kald\u0131\u011f\u0131 zalim sava\u015f kar\u015f\u0131s\u0131nda Suriye halk\u0131na deste\u011fini vurgulad\u0131. Vardabitaan Suriye\u2019nin bu sava\u015ftan ter\u00f6r ve destek\u00e7ilerine kar\u015f\u0131 zaferle kurtulaca\u011f\u0131 konusundaki g\u00fcven ve inanc\u0131n\u0131 ifade etti.<\/p>\n<p>Kendi y\u00f6n\u00fcnden Cumhurba\u015fkan\u0131 el Esad, Ermenistan ve Suriye halkalar\u0131n\u0131n kar\u015f\u0131la\u015ft\u0131\u011f\u0131 meydan okuma ve tehlikelerin ayn\u0131 oldu\u011funu s\u00f6yledi. El Esad y\u00fcz y\u0131l \u00f6nce Ermeni halk\u0131 hakk\u0131nda soyk\u0131r\u0131m i\u015fleyen Osmanl\u0131lar\u0131n g\u00fcn\u00fcm\u00fczde Suriye halk\u0131na kar\u015f\u0131 ter\u00f6r ba\u015fta\u00a0 olmak \u00fczere ayn\u0131 edatlar\u0131 kullanan Erdo\u011fan ve h\u00fck\u00fcmetiyle temsil olduklar\u0131na i\u015faret etti.<\/p>\n<p>Cumhurba\u015fkan\u0131 el Esad, g\u00fcn\u00fcm\u00fczde halklar\u0131 taraf\u0131ndan se\u00e7ilen parlamentolar\u0131n, ter\u00f6r ve karanl\u0131k ideolojiye kar\u015f\u0131 etkili bir politika izlenmesi amac\u0131yla aktif \u00e7abalarda bulunmalar\u0131 ve bu ba\u011flamda uluslararas\u0131 topluma bask\u0131 yapmalar\u0131 gerekti\u011finin alt\u0131n\u0131 \u00e7izdi. Bunun sadece Suriye halk\u0131 i\u00e7in olmayaca\u011f\u0131n\u0131 ifade eden el Esad; ter\u00f6r\u00fcn s\u0131n\u0131r tan\u0131mamas\u0131 ve kontrol edilememesi nedeniyle b\u00f6lge ve t\u00fcm d\u00fcnyan\u0131n g\u00fcvenlik istikrar\u0131 i\u00e7in gerekli oldu\u011funa vurgu yapt\u0131.<\/p>\n<p>G\u00f6r\u00fc\u015fmede iki taraf Suriye ve Ermenistan parlamentolar\u0131 aras\u0131nda i\u015fbirli\u011fi ve temaslar\u0131n peki\u015ftirilmesi gere\u011fi \u00fczerine g\u00f6r\u00fc\u015f birli\u011fi kaydedilirken, bunun iki dost \u00fclkenin halklar\u0131 aras\u0131ndaki ili\u015fkileri derinle\u015ftirece\u011fine dikkat \u00e7ekildi.<\/p>\n<p><a href=\"http:\/\/sana.sy\/tr\/wp-content\/uploads\/2015\/06\/04.jpg\"><img loading=\"lazy\" decoding=\"async\" class=\" size-medium wp-image-35665 alignright\" src=\"http:\/\/sana.sy\/tr\/wp-content\/uploads\/2015\/06\/04-300x160.jpg\" alt=\"04\" width=\"300\" height=\"160\" srcset=\"https:\/\/archive.sana.sy\/tr\/wp-content\/uploads\/2015\/06\/04-300x160.jpg 300w, https:\/\/archive.sana.sy\/tr\/wp-content\/uploads\/2015\/06\/04-150x80.jpg 150w, https:\/\/archive.sana.sy\/tr\/wp-content\/uploads\/2015\/06\/04-1024x547.jpg 1024w, https:\/\/archive.sana.sy\/tr\/wp-content\/uploads\/2015\/06\/04-620x330.jpg 620w\" sizes=\"auto, (max-width: 300px) 100vw, 300px\" \/><\/a>G\u00f6r\u00fc\u015fmeye Halk Meclisinde Suriye \u2013 Ermenistan parlamenter dostluk grubu ba\u015fkan\u0131 Butros Mercana ve Ermenistan\u2019\u0131n \u015eam b\u00fcy\u00fckel\u00e7isi kat\u0131ld\u0131lar.<\/p>\n<p>El Esad ile g\u00f6r\u00fc\u015fmesi ard\u0131ndan Ermeni heyet Ba\u015fbakan Vail el Halaki ve Ba\u015fbakan Yard\u0131mc\u0131s\u0131 D\u0131\u015fi\u015fleri ve Gurbet\u00e7iler Bakan\u0131 Velid el Muallim le ayr\u0131 ayr\u0131 g\u00f6r\u00fc\u015fmelerde bulundu.<\/p>\n<p>\u0130ki \u00fclke aras\u0131ndaki ili\u015fkilerin muhtelif alanlarda geli\u015ftirilmesi olanaklar\u0131n\u0131n masaya yat\u0131r\u0131ld\u0131\u011f\u0131 g\u00f6r\u00fc\u015fmelerde Halaki ve Muallim Suriye&#8217;de muhtelif alanlarda son geli\u015fmelere \u0131\u015f\u0131k tuttu.<\/p>\n<p>A.A. &#8211; S.\u015e. &#8211; R.H.<\/p>\n","protected":false},"excerpt":{"rendered":"<p>\u015eAM \u2013 Cumhurba\u015fkan\u0131 Be\u015f\u015far el Esad bu g\u00fcn sabah saatlerinde Ermenistan Parlamentosunda Suriye &#8211; Ermenistan Dostluk Grubu heyetini kabul etti. Ermeni heyet ba\u015fkan\u0131 Tajat Vardabitaan Ermeni halk\u0131n\u0131n, g\u00fcn\u00fcm\u00fczde herkes taraf\u0131ndan bilinen belli ba\u015fl\u0131 b\u00f6lgesel devletlerin destekledikleri ter\u00f6r \u00f6rg\u00fctleri taraf\u0131ndan maruz kald\u0131\u011f\u0131 zalim sava\u015f kar\u015f\u0131s\u0131nda Suriye halk\u0131na deste\u011fini vurgulad\u0131. Vardabitaan Suriye\u2019nin bu sava\u015ftan ter\u00f6r ve destek\u00e7ilerine &hellip;<\/p>\n","protected":false},"author":1,"featured_media":35655,"comment_status":"closed","ping_status":"closed","sticky":false,"template":"","format":"standard","meta":{"footnotes":""},"categories":[608,605,2555],"tags":[14983],"class_list":["post-35654","post","type-post","status-publish","format-standard","has-post-thumbnail","","category-etkinlikler","category-sayin-cumhurbaskani","category-suriye-ve-turkiye","tag-parlamentolar-uluslararasi-topluma-baski-uygulamalidir-sam-cumhurbaskani-bessar-el-esad-bu-gun-sabah-saatlerinde-ermenistan-parlamentosunda-suriye-ermenistan-dostluk-grubu-heyetini-kabul-e"],"_links":{"self":[{"href":"https:\/\/archive.sana.sy\/tr\/index.php?rest_route=\/wp\/v2\/posts\/35654","targetHints":{"allow":["GET"]}}],"collection":[{"href":"https:\/\/archive.sana.sy\/tr\/index.php?rest_route=\/wp\/v2\/posts"}],"about":[{"href":"https:\/\/archive.sana.sy\/tr\/index.php?rest_route=\/wp\/v2\/types\/post"}],"author":[{"embeddable":true,"href":"https:\/\/archive.sana.sy\/tr\/index.php?rest_route=\/wp\/v2\/users\/1"}],"replies":[{"embeddable":true,"href":"https:\/\/archive.sana.sy\/tr\/index.php?rest_route=%2Fwp%2Fv2%2Fcomments&post=35654"}],"version-history":[{"count":0,"href":"https:\/\/archive.sana.sy\/tr\/index.php?rest_route=\/wp\/v2\/posts\/35654\/revisions"}],"wp:featuredmedia":[{"embeddable":true,"href":"https:\/\/archive.sana.sy\/tr\/index.php?rest_route=\/wp\/v2\/media\/35655"}],"wp:attachment":[{"href":"https:\/\/archive.sana.sy\/tr\/index.php?rest_route=%2Fwp%2Fv2%2Fmedia&parent=35654"}],"wp:term":[{"taxonomy":"category","embeddable":true,"href":"https:\/\/archive.sana.sy\/tr\/index.php?rest_route=%2Fwp%2Fv2%2Fcategories&post=35654"},{"taxonomy":"post_tag","embeddable":true,"href":"https:\/\/archive.sana.sy\/tr\/index.php?rest_route=%2Fwp%2Fv2%2Ftags&post=35654"}],"curies":[{"name":"wp","href":"https:\/\/api.w.org\/{rel}","templated":true}]}}