{"id":35722,"date":"2015-06-04T15:59:27","date_gmt":"2015-06-04T12:59:27","guid":{"rendered":"http:\/\/sana.sy\/tr\/?p=35722"},"modified":"2015-06-04T16:06:15","modified_gmt":"2015-06-04T13:06:15","slug":"ucuncu-tur-gorusmeleri-gundemde","status":"publish","type":"post","link":"https:\/\/archive.sana.sy\/tr\/?p=35722","title":{"rendered":"\u00dc\u00e7\u00fcnc\u00fc Tur G\u00f6r\u00fc\u015fmeleri G\u00fcndemde"},"content":{"rendered":"<p>MOSKOVA \u2013 Rusya D\u0131\u015fi\u015fleri Bakan\u0131 Yard\u0131mc\u0131s\u0131 Gennadiy Gatilov Moskova&#8217;da Suriyeliler aras\u0131nda birinci ve ikinci isti\u015fare oturumlar\u0131na kat\u0131lan taraflar\u0131n bu isti\u015fare oturumlar\u0131n\u0131n \u00fc\u00e7\u00fcnc\u00fc turunun d\u00fczenlenmesini istediklerini ilan etti.<\/p>\n<p>Gatilov bug\u00fcn bas\u0131na yapt\u0131\u011f\u0131 a\u00e7\u0131klamada \u00fc\u00e7\u00fcnc\u00fc tur isti\u015fare g\u00f6r\u00fc\u015fmeleri konusunun g\u00fcndemde oldu\u011funu, fakat bunun i\u00e7in hen\u00fcz tarih belirlenmedi\u011fini ifade etti.<\/p>\n<p>Suriye y\u00f6netimi tutumlar\u0131n\u0131n her daim diyaloga a\u00e7\u0131k oldu\u011funa dikkat \u00e7eken Gatilov; h\u00fck\u00fcmet heyetinin muhaliflerle diyalogu geli\u015ftirmeye haz\u0131r olmas\u0131yla \u00fclkelerindeki krizin \u00e7\u00f6z\u00fcm\u00fcne \u00f6nemli bir f\u0131rsat verdi\u011fini belirtti.<\/p>\n<p>A.A. &#8211; M.M.<\/p>\n","protected":false},"excerpt":{"rendered":"<p>MOSKOVA \u2013 Rusya D\u0131\u015fi\u015fleri Bakan\u0131 Yard\u0131mc\u0131s\u0131 Gennadiy Gatilov Moskova&#8217;da Suriyeliler aras\u0131nda birinci ve ikinci isti\u015fare oturumlar\u0131na kat\u0131lan taraflar\u0131n bu isti\u015fare oturumlar\u0131n\u0131n \u00fc\u00e7\u00fcnc\u00fc turunun d\u00fczenlenmesini istediklerini ilan etti. Gatilov bug\u00fcn bas\u0131na yapt\u0131\u011f\u0131 a\u00e7\u0131klamada \u00fc\u00e7\u00fcnc\u00fc tur isti\u015fare g\u00f6r\u00fc\u015fmeleri konusunun g\u00fcndemde oldu\u011funu, fakat bunun i\u00e7in hen\u00fcz tarih belirlenmedi\u011fini ifade etti. Suriye y\u00f6netimi tutumlar\u0131n\u0131n her daim diyaloga a\u00e7\u0131k oldu\u011funa &hellip;<\/p>\n","protected":false},"author":1,"featured_media":35725,"comment_status":"closed","ping_status":"closed","sticky":false,"template":"","format":"standard","meta":{"footnotes":""},"categories":[458,459,447],"tags":[14993],"class_list":["post-35722","post","type-post","status-publish","format-standard","has-post-thumbnail","","category-dunya1","category-haberler-arap-uluslararasi-politika","category-politika","tag-ucuncu-tur-gorusmeleri-gundemde"],"_links":{"self":[{"href":"https:\/\/archive.sana.sy\/tr\/index.php?rest_route=\/wp\/v2\/posts\/35722","targetHints":{"allow":["GET"]}}],"collection":[{"href":"https:\/\/archive.sana.sy\/tr\/index.php?rest_route=\/wp\/v2\/posts"}],"about":[{"href":"https:\/\/archive.sana.sy\/tr\/index.php?rest_route=\/wp\/v2\/types\/post"}],"author":[{"embeddable":true,"href":"https:\/\/archive.sana.sy\/tr\/index.php?rest_route=\/wp\/v2\/users\/1"}],"replies":[{"embeddable":true,"href":"https:\/\/archive.sana.sy\/tr\/index.php?rest_route=%2Fwp%2Fv2%2Fcomments&post=35722"}],"version-history":[{"count":0,"href":"https:\/\/archive.sana.sy\/tr\/index.php?rest_route=\/wp\/v2\/posts\/35722\/revisions"}],"wp:featuredmedia":[{"embeddable":true,"href":"https:\/\/archive.sana.sy\/tr\/index.php?rest_route=\/wp\/v2\/media\/35725"}],"wp:attachment":[{"href":"https:\/\/archive.sana.sy\/tr\/index.php?rest_route=%2Fwp%2Fv2%2Fmedia&parent=35722"}],"wp:term":[{"taxonomy":"category","embeddable":true,"href":"https:\/\/archive.sana.sy\/tr\/index.php?rest_route=%2Fwp%2Fv2%2Fcategories&post=35722"},{"taxonomy":"post_tag","embeddable":true,"href":"https:\/\/archive.sana.sy\/tr\/index.php?rest_route=%2Fwp%2Fv2%2Ftags&post=35722"}],"curies":[{"name":"wp","href":"https:\/\/api.w.org\/{rel}","templated":true}]}}