{"id":35729,"date":"2015-06-04T16:25:45","date_gmt":"2015-06-04T13:25:45","guid":{"rendered":"http:\/\/sana.sy\/tr\/?p=35729"},"modified":"2015-06-04T16:28:12","modified_gmt":"2015-06-04T13:28:12","slug":"erdogan-rejiminden-gazetecilere-baski-ve-terorune-son-vermesi-talep-edildi","status":"publish","type":"post","link":"https:\/\/archive.sana.sy\/tr\/?p=35729","title":{"rendered":"Erdo\u011fan Rejiminden Gazetecilere Bask\u0131 ve Ter\u00f6r\u00fcne Son Vermesi Talep Edildi"},"content":{"rendered":"<p>WASH\u0130NGTON \u2013 D\u00fcnya Gazeteler ve Haber Yay\u0131nc\u0131lar Birli\u011fi (WAN-IFRA) bug\u00fcn T\u00fcrkiye&#8217;deki Receb Tayyib Erdo\u011fan rejimi ve AKP h\u00fck\u00fcmetinin gazetecilere y\u00f6nelik bask\u0131 ve dayatmalar\u0131n\u0131 k\u0131nad\u0131.<\/p>\n<p>Washington&#8217;da 120 \u00fclkeden 36 bin bas\u0131n kurumunun kat\u0131l\u0131m\u0131yla d\u00fczenlenen konferans ard\u0131ndan yay\u0131nlad\u0131\u011f\u0131 beyanda birlik; Erdo\u011fan rejiminden muhalif gazetecilere kar\u015f\u0131 \u2018bask\u0131 ve ter\u00f6r\u00fcne\u2019 son vermesini talep etti.<\/p>\n<p>Demokrat devletler ve kurumlardan gazetecilere bask\u0131 ve ter\u00f6r\u00fcne son vermesi i\u00e7in Erdo\u011fan rejiminin zorlanmas\u0131na \u00e7a\u011fr\u0131 yap\u0131lan beyan kat\u0131l\u0131mc\u0131lar\u0131n imzas\u0131na a\u00e7\u0131ld\u0131.<\/p>\n","protected":false},"excerpt":{"rendered":"<p>WASH\u0130NGTON \u2013 D\u00fcnya Gazeteler ve Haber Yay\u0131nc\u0131lar Birli\u011fi (WAN-IFRA) bug\u00fcn T\u00fcrkiye&#8217;deki Receb Tayyib Erdo\u011fan rejimi ve AKP h\u00fck\u00fcmetinin gazetecilere y\u00f6nelik bask\u0131 ve dayatmalar\u0131n\u0131 k\u0131nad\u0131. Washington&#8217;da 120 \u00fclkeden 36 bin bas\u0131n kurumunun kat\u0131l\u0131m\u0131yla d\u00fczenlenen konferans ard\u0131ndan yay\u0131nlad\u0131\u011f\u0131 beyanda birlik; Erdo\u011fan rejiminden muhalif gazetecilere kar\u015f\u0131 \u2018bask\u0131 ve ter\u00f6r\u00fcne\u2019 son vermesini talep etti. Demokrat devletler ve kurumlardan gazetecilere &hellip;<\/p>\n","protected":false},"author":1,"featured_media":35731,"comment_status":"closed","ping_status":"closed","sticky":false,"template":"","format":"standard","meta":{"footnotes":""},"categories":[458,459,447,2554,2555],"tags":[14994],"class_list":["post-35729","post","type-post","status-publish","format-standard","has-post-thumbnail","","category-dunya1","category-haberler-arap-uluslararasi-politika","category-politika","category-suriye-ve-dunya","category-suriye-ve-turkiye","tag-erdogan-rejiminden-gazetecilere-baski-ve-terorune-son-vermesi-talep-edildi"],"_links":{"self":[{"href":"https:\/\/archive.sana.sy\/tr\/index.php?rest_route=\/wp\/v2\/posts\/35729","targetHints":{"allow":["GET"]}}],"collection":[{"href":"https:\/\/archive.sana.sy\/tr\/index.php?rest_route=\/wp\/v2\/posts"}],"about":[{"href":"https:\/\/archive.sana.sy\/tr\/index.php?rest_route=\/wp\/v2\/types\/post"}],"author":[{"embeddable":true,"href":"https:\/\/archive.sana.sy\/tr\/index.php?rest_route=\/wp\/v2\/users\/1"}],"replies":[{"embeddable":true,"href":"https:\/\/archive.sana.sy\/tr\/index.php?rest_route=%2Fwp%2Fv2%2Fcomments&post=35729"}],"version-history":[{"count":0,"href":"https:\/\/archive.sana.sy\/tr\/index.php?rest_route=\/wp\/v2\/posts\/35729\/revisions"}],"wp:featuredmedia":[{"embeddable":true,"href":"https:\/\/archive.sana.sy\/tr\/index.php?rest_route=\/wp\/v2\/media\/35731"}],"wp:attachment":[{"href":"https:\/\/archive.sana.sy\/tr\/index.php?rest_route=%2Fwp%2Fv2%2Fmedia&parent=35729"}],"wp:term":[{"taxonomy":"category","embeddable":true,"href":"https:\/\/archive.sana.sy\/tr\/index.php?rest_route=%2Fwp%2Fv2%2Fcategories&post=35729"},{"taxonomy":"post_tag","embeddable":true,"href":"https:\/\/archive.sana.sy\/tr\/index.php?rest_route=%2Fwp%2Fv2%2Ftags&post=35729"}],"curies":[{"name":"wp","href":"https:\/\/api.w.org\/{rel}","templated":true}]}}