{"id":35761,"date":"2015-06-05T11:10:53","date_gmt":"2015-06-05T08:10:53","guid":{"rendered":"http:\/\/sana.sy\/tr\/?p=35761"},"modified":"2015-06-05T11:57:12","modified_gmt":"2015-06-05T08:57:12","slug":"hasekeliler-yalanlara-aldiris-etmeden-gunluk-olagan-yasamlarini-surduruyorlar","status":"publish","type":"post","link":"https:\/\/archive.sana.sy\/tr\/?p=35761","title":{"rendered":"Hasekeliler Yalanlara Ald\u0131r\u0131\u015f Etmeden G\u00fcnl\u00fck Ola\u011fan Ya\u015famlar\u0131n\u0131 S\u00fcrd\u00fcr\u00fcyorlar"},"content":{"rendered":"<p>HASEKE \u2013 Haseke kenti sakinleri d\u00fcn b\u00fct\u00fcn dezenformasyon medya ara\u00e7lar\u0131 ve komplo destek\u00e7ilerinin yalan yanl\u0131\u015f haberlerine ald\u0131rmaks\u0131z\u0131n \u00e7ar\u015f\u0131, Pazar ve devlet daireleri ba\u015fta olmak \u00fczere hayat\u0131n b\u00fct\u00fcn alanlarda g\u00fcnl\u00fck ola\u011fan ya\u015fant\u0131lar\u0131n\u0131 s\u00fcrd\u00fcrd\u00fcler.<\/p>\n<p>\u00c7ar\u015f\u0131da giyim ma\u011fazas\u0131 sahibi \u0130lyas Hannu\u015f, sokaklarda ve \u00e7ar\u015f\u0131larda hayat\u0131n son derece ola\u011fan ve hareketli ge\u00e7ti\u011fine i\u015faret ederek\u00a0 insanlar\u0131n yalan yanl\u0131\u015f haberlere ald\u0131r\u0131\u015f etmediklerini ve gerek al\u0131\u015fveri\u015f gerekse de di\u011fer b\u00fct\u00fcn faaliyetlerin ola\u011fan bir \u015fekilde s\u00fcrd\u00fc\u011f\u00fcn\u00fc belirtti.<\/p>\n<p>\u00d6te yandan\u00a0 T\u00fcketiciyi Koruma Dairesi Ba\u015fkan\u0131 Hamad el Abdullah, Haseke kenti \u00e7ar\u015f\u0131s\u0131nda d\u00fcn sabah saatlerinden itibaren 6 devriye ekibinin dola\u015ft\u0131\u011f\u0131n\u0131 ifade ederek \u00e7ar\u015f\u0131da ola\u011fan d\u0131\u015f\u0131 bir durum ya da durgunluk g\u00f6zlemlenmedi\u011fini belirtti.<\/p>\n<p>Haseke Valili\u011finde F\u0131r\u0131nlar Birimi M\u00fcd\u00fcr\u00fc Muhammed Be\u015fir \u00d6mer, Haseke\u2019de bulunan b\u00fct\u00fcn f\u0131r\u0131nlar\u0131n paylar\u0131na d\u00fc\u015fen un istihkak\u0131n\u0131 teslim ald\u0131klar\u0131na i\u015faret ederek kent merkezi ve b\u00fct\u00fcn semtlerinde vatanda\u015flar\u0131n ekmek ihtiya\u00e7lar\u0131n\u0131n kar\u015f\u0131land\u0131\u011f\u0131n\u0131 ve fiyatlarda herhangi bir y\u00fckselme olmad\u0131\u011f\u0131n\u0131 beyan etti.<\/p>\n<p>Ayr\u0131ca Haseke ve Kam\u0131\u015fl\u0131 kentlerinde lise mezuniyet s\u0131navlar\u0131 da son derece sakin ve olumlu bir \u015fekilde d\u00fczenlenerek 16 bin \u00f6\u011frenci gerginlikten uzak bir ortamda s\u0131navlar\u0131n\u0131 takdim ettiler.<\/p>\n<div id='gallery-1' class='gallery galleryid-35761 gallery-columns-2 gallery-size-medium'><figure class='gallery-item'>\n\t\t\t<div class='gallery-icon landscape'>\n\t\t\t\t<a href='https:\/\/archive.sana.sy\/tr\/wp-content\/uploads\/2015\/06\/haseke-3.jpg'><img loading=\"lazy\" decoding=\"async\" width=\"300\" height=\"205\" src=\"https:\/\/archive.sana.sy\/tr\/wp-content\/uploads\/2015\/06\/haseke-3-300x205.jpg\" class=\"attachment-medium size-medium\" alt=\"\" srcset=\"https:\/\/archive.sana.sy\/tr\/wp-content\/uploads\/2015\/06\/haseke-3-300x205.jpg 300w, https:\/\/archive.sana.sy\/tr\/wp-content\/uploads\/2015\/06\/haseke-3-150x102.jpg 150w, https:\/\/archive.sana.sy\/tr\/wp-content\/uploads\/2015\/06\/haseke-3.jpg 800w\" sizes=\"auto, (max-width: 300px) 100vw, 300px\" \/><\/a>\n\t\t\t<\/div><\/figure><figure class='gallery-item'>\n\t\t\t<div class='gallery-icon landscape'>\n\t\t\t\t<a href='https:\/\/archive.sana.sy\/tr\/wp-content\/uploads\/2015\/06\/haseke-2.jpg'><img loading=\"lazy\" decoding=\"async\" width=\"300\" height=\"197\" src=\"https:\/\/archive.sana.sy\/tr\/wp-content\/uploads\/2015\/06\/haseke-2-300x197.jpg\" class=\"attachment-medium size-medium\" alt=\"\" srcset=\"https:\/\/archive.sana.sy\/tr\/wp-content\/uploads\/2015\/06\/haseke-2-300x197.jpg 300w, https:\/\/archive.sana.sy\/tr\/wp-content\/uploads\/2015\/06\/haseke-2-150x98.jpg 150w, https:\/\/archive.sana.sy\/tr\/wp-content\/uploads\/2015\/06\/haseke-2.jpg 500w\" sizes=\"auto, (max-width: 300px) 100vw, 300px\" \/><\/a>\n\t\t\t<\/div><\/figure>\n\t\t<\/div>\n\n<p>F.B. &#8211; R.H.<\/p>\n","protected":false},"excerpt":{"rendered":"<p>HASEKE \u2013 Haseke kenti sakinleri d\u00fcn b\u00fct\u00fcn dezenformasyon medya ara\u00e7lar\u0131 ve komplo destek\u00e7ilerinin yalan yanl\u0131\u015f haberlerine ald\u0131rmaks\u0131z\u0131n \u00e7ar\u015f\u0131, Pazar ve devlet daireleri ba\u015fta olmak \u00fczere hayat\u0131n b\u00fct\u00fcn alanlarda g\u00fcnl\u00fck ola\u011fan ya\u015fant\u0131lar\u0131n\u0131 s\u00fcrd\u00fcrd\u00fcler. \u00c7ar\u015f\u0131da giyim ma\u011fazas\u0131 sahibi \u0130lyas Hannu\u015f, sokaklarda ve \u00e7ar\u015f\u0131larda hayat\u0131n son derece ola\u011fan ve hareketli ge\u00e7ti\u011fine i\u015faret ederek\u00a0 insanlar\u0131n yalan yanl\u0131\u015f haberlere ald\u0131r\u0131\u015f &hellip;<\/p>\n","protected":false},"author":1,"featured_media":35762,"comment_status":"closed","ping_status":"closed","sticky":false,"template":"","format":"standard","meta":{"footnotes":""},"categories":[1],"tags":[],"class_list":["post-35761","post","type-post","status-publish","format-standard","has-post-thumbnail","","category-news-not-sorted"],"_links":{"self":[{"href":"https:\/\/archive.sana.sy\/tr\/index.php?rest_route=\/wp\/v2\/posts\/35761","targetHints":{"allow":["GET"]}}],"collection":[{"href":"https:\/\/archive.sana.sy\/tr\/index.php?rest_route=\/wp\/v2\/posts"}],"about":[{"href":"https:\/\/archive.sana.sy\/tr\/index.php?rest_route=\/wp\/v2\/types\/post"}],"author":[{"embeddable":true,"href":"https:\/\/archive.sana.sy\/tr\/index.php?rest_route=\/wp\/v2\/users\/1"}],"replies":[{"embeddable":true,"href":"https:\/\/archive.sana.sy\/tr\/index.php?rest_route=%2Fwp%2Fv2%2Fcomments&post=35761"}],"version-history":[{"count":0,"href":"https:\/\/archive.sana.sy\/tr\/index.php?rest_route=\/wp\/v2\/posts\/35761\/revisions"}],"wp:featuredmedia":[{"embeddable":true,"href":"https:\/\/archive.sana.sy\/tr\/index.php?rest_route=\/wp\/v2\/media\/35762"}],"wp:attachment":[{"href":"https:\/\/archive.sana.sy\/tr\/index.php?rest_route=%2Fwp%2Fv2%2Fmedia&parent=35761"}],"wp:term":[{"taxonomy":"category","embeddable":true,"href":"https:\/\/archive.sana.sy\/tr\/index.php?rest_route=%2Fwp%2Fv2%2Fcategories&post=35761"},{"taxonomy":"post_tag","embeddable":true,"href":"https:\/\/archive.sana.sy\/tr\/index.php?rest_route=%2Fwp%2Fv2%2Ftags&post=35761"}],"curies":[{"name":"wp","href":"https:\/\/api.w.org\/{rel}","templated":true}]}}