{"id":35766,"date":"2015-06-05T12:16:57","date_gmt":"2015-06-05T09:16:57","guid":{"rendered":"http:\/\/sana.sy\/tr\/?p=35766"},"modified":"2015-06-05T12:16:57","modified_gmt":"2015-06-05T09:16:57","slug":"berazi-hukumet-teror-magdurlarinin-ihtiyaclarini-karsilamaya-buyuk-onem-veriyor","status":"publish","type":"post","link":"https:\/\/archive.sana.sy\/tr\/?p=35766","title":{"rendered":"Berazi: H\u00fck\u00fcmet Ter\u00f6r Ma\u011fdurlar\u0131n\u0131n \u0130htiya\u00e7lar\u0131n\u0131 Kar\u015f\u0131lamaya B\u00fcy\u00fck \u00d6nem Veriyor"},"content":{"rendered":"<p>HOMS \u2013 Homs Valisi Talal el Berazi, d\u00fcn BM Temsilcileri ve Uluslararas\u0131 \u0130nsan Haklar\u0131 \u00d6rg\u00fctleri Heyeti ile bir araya gelerek Homs ilinde insani yard\u0131m \u00e7al\u0131\u015fmalar\u0131 ve bu alandaki i\u015fbirli\u011fi \u00e7emberini geni\u015fletme olanaklar\u0131n\u0131 inceledi.<\/p>\n<p><a href=\"http:\/\/sana.sy\/tr\/wp-content\/uploads\/2015\/06\/homs-valisi-2.jpg\"><img loading=\"lazy\" decoding=\"async\" class=\" size-medium wp-image-35767 alignright\" src=\"http:\/\/sana.sy\/tr\/wp-content\/uploads\/2015\/06\/homs-valisi-2-300x201.jpg\" alt=\"homs valisi 2\" width=\"300\" height=\"201\" srcset=\"https:\/\/archive.sana.sy\/tr\/wp-content\/uploads\/2015\/06\/homs-valisi-2-300x201.jpg 300w, https:\/\/archive.sana.sy\/tr\/wp-content\/uploads\/2015\/06\/homs-valisi-2-150x101.jpg 150w, https:\/\/archive.sana.sy\/tr\/wp-content\/uploads\/2015\/06\/homs-valisi-2-1024x688.jpg 1024w\" sizes=\"auto, (max-width: 300px) 100vw, 300px\" \/><\/a>Silahl\u0131 ter\u00f6r gruplar\u0131n\u0131n sald\u0131r\u0131s\u0131 sonucu ilde meydana gelen y\u0131k\u0131m, tahribat ve hasar\u0131n hacmine ili\u015fkin bir anlat\u0131m sunan Berazi, b\u00fct\u00fcn bu y\u0131k\u0131mdan sonra hayat\u0131n normale d\u00f6nmesi i\u00e7in ilgili kurumlar taraf\u0131ndan harcanan \u00e7abaya dikkat \u00e7ekti.<\/p>\n<p>H\u00fck\u00fcmetin ter\u00f6r ma\u011fdurlar\u0131na yard\u0131m ula\u015ft\u0131rmaya ve onlar\u0131n ihtiya\u00e7lar\u0131n\u0131 kar\u015f\u0131lamaya b\u00fcy\u00fck bir \u00f6nem verdi\u011fini ifade eden Berazi, BM&#8217;ye ba\u011fl\u0131 \u00f6rg\u00fctlerin insani yard\u0131m \u00e7al\u0131\u015fmalar\u0131ndaki rol\u00fcne de\u011finerek insani yard\u0131m \u00e7al\u0131\u015fmalar\u0131n\u0131n \u00f6n\u00fcndeki zorluklar\u0131n ve engellerin ortadan kald\u0131r\u0131lmas\u0131 i\u00e7in valili\u011fin her t\u00fcrl\u00fc i\u015fbirli\u011fine haz\u0131r oldu\u011funu belirtti.<\/p>\n<p>F.B. &#8211; R.H.<\/p>\n","protected":false},"excerpt":{"rendered":"<p>HOMS \u2013 Homs Valisi Talal el Berazi, d\u00fcn BM Temsilcileri ve Uluslararas\u0131 \u0130nsan Haklar\u0131 \u00d6rg\u00fctleri Heyeti ile bir araya gelerek Homs ilinde insani yard\u0131m \u00e7al\u0131\u015fmalar\u0131 ve bu alandaki i\u015fbirli\u011fi \u00e7emberini geni\u015fletme olanaklar\u0131n\u0131 inceledi. Silahl\u0131 ter\u00f6r gruplar\u0131n\u0131n sald\u0131r\u0131s\u0131 sonucu ilde meydana gelen y\u0131k\u0131m, tahribat ve hasar\u0131n hacmine ili\u015fkin bir anlat\u0131m sunan Berazi, b\u00fct\u00fcn bu y\u0131k\u0131mdan sonra &hellip;<\/p>\n","protected":false},"author":1,"featured_media":35768,"comment_status":"closed","ping_status":"closed","sticky":false,"template":"","format":"standard","meta":{"footnotes":""},"categories":[479,2554,478],"tags":[14996,14997],"class_list":["post-35766","post","type-post","status-publish","format-standard","has-post-thumbnail","","category-haberler-yerel","category-suriye-ve-dunya","category-yerel","tag-berazi-hukumet-teror-magdurlarinin-ihtiyaclarini-karsilamaya-buyuk-onem-veriyor-homs-homs-valisi-talal-el-berazi","tag-dun-bm-temsilcileri-ve-uluslararasi-insan-haklari-orgutleri-heyeti-ile-bir-araya-gelerek-homs-ilinde-insani-yardim-calismalari-ve-bu-alandaki-isbirligi-cemberini-genisletme-olanaklarini-inceledi"],"_links":{"self":[{"href":"https:\/\/archive.sana.sy\/tr\/index.php?rest_route=\/wp\/v2\/posts\/35766","targetHints":{"allow":["GET"]}}],"collection":[{"href":"https:\/\/archive.sana.sy\/tr\/index.php?rest_route=\/wp\/v2\/posts"}],"about":[{"href":"https:\/\/archive.sana.sy\/tr\/index.php?rest_route=\/wp\/v2\/types\/post"}],"author":[{"embeddable":true,"href":"https:\/\/archive.sana.sy\/tr\/index.php?rest_route=\/wp\/v2\/users\/1"}],"replies":[{"embeddable":true,"href":"https:\/\/archive.sana.sy\/tr\/index.php?rest_route=%2Fwp%2Fv2%2Fcomments&post=35766"}],"version-history":[{"count":0,"href":"https:\/\/archive.sana.sy\/tr\/index.php?rest_route=\/wp\/v2\/posts\/35766\/revisions"}],"wp:featuredmedia":[{"embeddable":true,"href":"https:\/\/archive.sana.sy\/tr\/index.php?rest_route=\/wp\/v2\/media\/35768"}],"wp:attachment":[{"href":"https:\/\/archive.sana.sy\/tr\/index.php?rest_route=%2Fwp%2Fv2%2Fmedia&parent=35766"}],"wp:term":[{"taxonomy":"category","embeddable":true,"href":"https:\/\/archive.sana.sy\/tr\/index.php?rest_route=%2Fwp%2Fv2%2Fcategories&post=35766"},{"taxonomy":"post_tag","embeddable":true,"href":"https:\/\/archive.sana.sy\/tr\/index.php?rest_route=%2Fwp%2Fv2%2Ftags&post=35766"}],"curies":[{"name":"wp","href":"https:\/\/api.w.org\/{rel}","templated":true}]}}