{"id":3578,"date":"2014-06-21T15:19:12","date_gmt":"2014-06-21T12:19:12","guid":{"rendered":"http:\/\/sanasyria.org\/tr\/?p=3578"},"modified":"2014-06-21T15:19:12","modified_gmt":"2014-06-21T12:19:12","slug":"lavrov-ve-faysal-bolgedeki-durumlari-degerlendirdi","status":"publish","type":"post","link":"https:\/\/archive.sana.sy\/tr\/?p=3578","title":{"rendered":"Lavrov ve Faysal B\u00f6lgedeki Durumlar\u0131 De\u011ferlendirdi"},"content":{"rendered":"<p>C\u0130DDE \u2013 Rusya D\u0131\u015fi\u015fleri bakan\u0131 Sergey Lavrov d\u00fcn Suudi Arabistan\u2019\u0131n Cidde Kentinde Suudi krall\u0131k rejiminin D\u0131\u015fi\u015fleri Bakan\u0131 Saud el Faysal ile Suriye ve Irak\u2019taki krizlerin yan\u0131 s\u0131ra b\u00f6lgesel durumlar\u0131 masaya yat\u0131rd\u0131.<\/p>\n<p>RT web sitesi iki taraf\u0131nda g\u00f6r\u00fc\u015fmelerinde Irak\u2019taki krizin \u00e7\u00f6z\u00fclmesi y\u00f6n\u00fcnde Rusya ve Suudi Arabistan dahil olmak \u00fczere b\u00f6lgesel \u00e7abalar\u0131n koordine edilmesi gere\u011fine vurgu yapt\u0131klar\u0131n\u0131 aktard\u0131.<\/p>\n<p>G\u00f6r\u00fc\u015fmede Lavrov ABD\u2019nin Irak\u2019ta ter\u00f6r mevkilerini hedef almas\u0131 konusunda, bu operasyonlar\u0131n uluslar aras\u0131 me\u015frulu\u011fa kar\u015f\u0131 olmamas\u0131n\u0131n yan\u0131 s\u0131ra Irak h\u00fck\u00fcmetinin onay\u0131 ile olmas\u0131 gere\u011finin alt\u0131n\u0131 \u00e7izdi.<\/p>\n<p>Lavrov g\u00f6r\u00fc\u015fmelerde ayn\u0131 zamanda Ukrayna\u2019daki kriz ve bu krize siyasi bar\u0131\u015f\u00e7\u0131l \u00e7\u00f6z\u00fcm sa\u011flama gere\u011fine de\u011findiklerini ifade etti.<\/p>\n<p>Lavrov\u2019un Suudi Arabistan\u2019a ziyareti, Suudi rejiminde d\u0131\u015fi\u015fleri bakan\u0131 Faysal\u2019\u0131n daha \u00f6nce Rusya&#8217;n\u0131n Suchi Kentine bulundu\u011fu ziyaret ertesinde geldi.<\/p>\n","protected":false},"excerpt":{"rendered":"<p>C\u0130DDE \u2013 Rusya D\u0131\u015fi\u015fleri bakan\u0131 Sergey Lavrov d\u00fcn Suudi Arabistan\u2019\u0131n Cidde Kentinde Suudi krall\u0131k rejiminin D\u0131\u015fi\u015fleri Bakan\u0131 Saud el Faysal ile Suriye ve Irak\u2019taki krizlerin yan\u0131 s\u0131ra b\u00f6lgesel durumlar\u0131 masaya yat\u0131rd\u0131. RT web sitesi iki taraf\u0131nda g\u00f6r\u00fc\u015fmelerinde Irak\u2019taki krizin \u00e7\u00f6z\u00fclmesi y\u00f6n\u00fcnde Rusya ve Suudi Arabistan dahil olmak \u00fczere b\u00f6lgesel \u00e7abalar\u0131n koordine edilmesi gere\u011fine vurgu yapt\u0131klar\u0131n\u0131 &hellip;<\/p>\n","protected":false},"author":1,"featured_media":3579,"comment_status":"closed","ping_status":"closed","sticky":false,"template":"","format":"standard","meta":{"footnotes":""},"categories":[458,459,447],"tags":[779],"class_list":["post-3578","post","type-post","status-publish","format-standard","has-post-thumbnail","","category-dunya1","category-haberler-arap-uluslararasi-politika","category-politika","tag-lavrov-ve-faysal-bolgedeki-durumlari-degerlendirdi"],"_links":{"self":[{"href":"https:\/\/archive.sana.sy\/tr\/index.php?rest_route=\/wp\/v2\/posts\/3578","targetHints":{"allow":["GET"]}}],"collection":[{"href":"https:\/\/archive.sana.sy\/tr\/index.php?rest_route=\/wp\/v2\/posts"}],"about":[{"href":"https:\/\/archive.sana.sy\/tr\/index.php?rest_route=\/wp\/v2\/types\/post"}],"author":[{"embeddable":true,"href":"https:\/\/archive.sana.sy\/tr\/index.php?rest_route=\/wp\/v2\/users\/1"}],"replies":[{"embeddable":true,"href":"https:\/\/archive.sana.sy\/tr\/index.php?rest_route=%2Fwp%2Fv2%2Fcomments&post=3578"}],"version-history":[{"count":0,"href":"https:\/\/archive.sana.sy\/tr\/index.php?rest_route=\/wp\/v2\/posts\/3578\/revisions"}],"wp:featuredmedia":[{"embeddable":true,"href":"https:\/\/archive.sana.sy\/tr\/index.php?rest_route=\/wp\/v2\/media\/3579"}],"wp:attachment":[{"href":"https:\/\/archive.sana.sy\/tr\/index.php?rest_route=%2Fwp%2Fv2%2Fmedia&parent=3578"}],"wp:term":[{"taxonomy":"category","embeddable":true,"href":"https:\/\/archive.sana.sy\/tr\/index.php?rest_route=%2Fwp%2Fv2%2Fcategories&post=3578"},{"taxonomy":"post_tag","embeddable":true,"href":"https:\/\/archive.sana.sy\/tr\/index.php?rest_route=%2Fwp%2Fv2%2Ftags&post=3578"}],"curies":[{"name":"wp","href":"https:\/\/api.w.org\/{rel}","templated":true}]}}