{"id":35805,"date":"2015-06-05T20:55:14","date_gmt":"2015-06-05T17:55:14","guid":{"rendered":"http:\/\/www.sana.sy\/tr\/?p=35805"},"modified":"2015-06-06T17:36:24","modified_gmt":"2015-06-06T14:36:24","slug":"turkiye-rejiminin-terore-destegine-sessiz-kalmak-ayni-sekilde-destek-niteligi-tasiyor","status":"publish","type":"post","link":"https:\/\/archive.sana.sy\/tr\/?p=35805","title":{"rendered":"T\u00fcrkiye Rejiminin Ter\u00f6re Deste\u011fine Sessiz Kalmak, Ayn\u0131 \u015eekilde Destek Niteli\u011fi Ta\u015f\u0131yor"},"content":{"rendered":"<p>\u015eAM \u2013 Suriye; T\u00fcrkiye&#8217;de yay\u0131mlanan Cumhuriyet Gazetesinin son olarak Suriye&#8217;deki ter\u00f6r gruplara g\u00f6nderilen silah ve m\u00fchimmata ili\u015fkin yay\u0131nlad\u0131\u011f\u0131 g\u00f6r\u00fcnt\u00fclere ilaveten T\u00fcrkiye&#8217;de yerel medya ara\u00e7lar\u0131n\u0131n T\u00fcrkiye h\u00fck\u00fcmetinin Suriye&#8217;de halk\u0131n masum kan\u0131n\u0131n ak\u0131t\u0131lmas\u0131na ne derecede bula\u015ft\u0131\u011f\u0131 konusundaki haber ve g\u00f6r\u00fcnt\u00fclerin Erdo\u011fan ve h\u00fck\u00fcmetinin Suriye&#8217;deki ter\u00f6re deste\u011fi ve Suriye&#8217;de krizin ilk g\u00fcnlerinden beri Suriye&#8217;nin i\u00e7i\u015flerine \u00e7irkin m\u00fcdahalesini kan\u0131tlayan say\u0131s\u0131z kan\u0131tlar dahilinde say\u0131ld\u0131\u011f\u0131n\u0131 belirtti.<\/p>\n<p>D\u0131\u015fi\u015fleri ve Gurbet\u00e7iler Bakanl\u0131\u011f\u0131 bug\u00fcn Birle\u015fmi\u015f Milletler genel sekreteri ve G\u00fcvenlik Konseyi ba\u015fkan\u0131na g\u00f6nderdi\u011fi iki e\u015f mektupta G\u00fcvenlik Konseyi ve ter\u00f6rle m\u00fccadelede ilgili komitelerinin yan\u0131 s\u0131ra BM kurumlar\u0131 ve \u00f6rg\u00fctlerinin T\u00fcrkiye h\u00fck\u00fcmetini ter\u00f6re deste\u011fini derhal kesmeye zorlamada \u00fcstlerine d\u00fc\u015fen g\u00f6revi yerine getirmelerini talep etti.<\/p>\n<p>T\u00fcrkiye h\u00fck\u00fcmetinin bu tutum ve icraatlar\u0131n\u0131n Suriye&#8217;ye sald\u0131r\u0131 niteli\u011finde oldu\u011funa dikkat \u00e7eken Bakanl\u0131k; T\u00fcrkiye h\u00fck\u00fcmetinin Suriye&#8217;nin egemenlik ve ba\u011f\u0131ms\u0131zl\u0131\u011f\u0131na ihlallerine, Suriye&#8217;yi par\u00e7alama ve ulusal birli\u011fini baltalama, toprak ve halk b\u00fct\u00fcnl\u00fc\u011f\u00fcn\u00fcn selametini tehdit etmeye derhal zorlanmas\u0131n\u0131 talep etti.<\/p>\n<p>Resmi bir belge niteli\u011finde say\u0131lan mektubunda Bakanl\u0131k; T\u00fcrkiye h\u00fck\u00fcmetinin Suriye ile s\u0131n\u0131rlar\u0131n\u0131 kontrole almas\u0131, ter\u00f6ristlerin ge\u00e7i\u015flerine izin vermemesi, ter\u00f6ristlere de e\u011fitim ve silahland\u0131rman\u0131n yan\u0131 s\u0131ra muhtelif t\u00fcr deste\u011fini kesmesi amac\u0131yla gerekli t\u00fcm icraatlar\u0131n al\u0131nmas\u0131n\u0131 talep etti.<\/p>\n<p>Suriye Arap Cumhuriyetinin \u00fclkede krizin ba\u015f\u0131ndan beri T\u00fcrkiye h\u00fck\u00fcmetinin tekfirci, kiral\u0131k ve hain ter\u00f6ristlere muhtelif t\u00fcr s\u0131n\u0131rs\u0131z deste\u011fine ili\u015fkin BM ve G\u00fcvenlik Konseyine bir dizi resmi mektup g\u00f6nderdi\u011fine dikkat \u00e7eken Bakanl\u0131k; bu mektuplarda ayr\u0131nt\u0131l\u0131 bilgilerin kan\u0131tlarla takdim edildi\u011fini ifade etti.<\/p>\n<p>Bakanl\u0131k buna ra\u011fmen T\u00fcrkiye h\u00fck\u00fcmetinin Suriye&#8217;de masum kanlar\u0131n ak\u0131t\u0131lmas\u0131na deste\u011finin yan\u0131nda ba\u015fta T\u00fcrkiye halk\u0131 olmak \u00fczere t\u00fcm b\u00f6lge halklar\u0131 i\u00e7in ciddi bir tehdit olu\u015fturan ter\u00f6re deste\u011fini kesmesi i\u00e7in herhangi bir icraat\u0131n al\u0131nmad\u0131\u011f\u0131na dikkat \u00e7ekti.<\/p>\n<p>Bakanl\u0131k mektubunda Suriye&#8217;nin g\u00f6nderdi\u011fi mektuplarda takdim etti\u011fi bilgi ve kan\u0131tlara bir kz daha i\u015fret ederek, T\u00fcrkiye h\u00fck\u00fcmetinin uluslar aras\u0131 kararlar ve kanunlara ayk\u0131r\u0131 olarak ter\u00f6r\u00fc desteklemesine ili\u015fkin tarih ve kan\u0131tlarla bir kez daha \u0131\u015f\u0131k tuttu.<\/p>\n<p>Cumhuriyet Gazetesinin son olarak yay\u0131nlad\u0131\u011f\u0131 g\u00f6r\u00fcnt\u00fclerin T\u00fcrkiye&#8217;de Erdo\u011fan ve h\u00fck\u00fcmetinin yalan dolanlar\u0131n\u0131 de\u015fifre etti\u011fine dikkat \u00e7eken Bakanl\u0131k; Erdo\u011fan\u2019\u0131n Suriye&#8217;de I\u015e\u0130D, Kaide \u00d6rg\u00fct\u00fcn\u00fcn Suriye Kolu Nusra Cephesi ve daha ba\u015fka tekfirci ter\u00f6r \u00f6rg\u00fctlere deste\u011fine ili\u015fkin yeni kan\u0131t te\u015fkil etti\u011fini ifade etti.<\/p>\n<p>Bakanl\u0131k mektubunda Erdo\u011fan ve h\u00fck\u00fcmetinin destekledi\u011fi ter\u00f6ristlerin Suriye&#8217;de sivil yerle\u015fim alanlar\u0131n\u0131 geli\u015fi g\u00fczel havan ve f\u00fczelerle hedef ald\u0131klar\u0131n\u0131, \u00e7ocuk kad\u0131n yada ya\u015fl\u0131 demeden t\u00fcyleri \u00fcrpertici vah\u015fi katliamlar i\u015flediklerine vurgu yapt\u0131.<\/p>\n<p>Bakanl\u0131k mektubunun BM ve G\u00fcvenlik Konseyi ar\u015fivlerinde resmi bir belge olarak kaydedilmesi talebinde bulunurken; G\u00fcvenlik Konseyinde T\u00fcrkiye rejiminin ter\u00f6re deste\u011fine sessiz kalmaya devam edilmesinin ayn\u0131 \u015fekilde ter\u00f6re destek niteli\u011finde say\u0131ld\u0131\u011f\u0131n\u0131n alt\u0131n\u0131 \u00e7izdi.<\/p>\n<p>A.A. &#8211; M.M.<\/p>\n","protected":false},"excerpt":{"rendered":"<p>\u015eAM \u2013 Suriye; T\u00fcrkiye&#8217;de yay\u0131mlanan Cumhuriyet Gazetesinin son olarak Suriye&#8217;deki ter\u00f6r gruplara g\u00f6nderilen silah ve m\u00fchimmata ili\u015fkin yay\u0131nlad\u0131\u011f\u0131 g\u00f6r\u00fcnt\u00fclere ilaveten T\u00fcrkiye&#8217;de yerel medya ara\u00e7lar\u0131n\u0131n T\u00fcrkiye h\u00fck\u00fcmetinin Suriye&#8217;de halk\u0131n masum kan\u0131n\u0131n ak\u0131t\u0131lmas\u0131na ne derecede bula\u015ft\u0131\u011f\u0131 konusundaki haber ve g\u00f6r\u00fcnt\u00fclerin Erdo\u011fan ve h\u00fck\u00fcmetinin Suriye&#8217;deki ter\u00f6re deste\u011fi ve Suriye&#8217;de krizin ilk g\u00fcnlerinden beri Suriye&#8217;nin i\u00e7i\u015flerine \u00e7irkin m\u00fcdahalesini kan\u0131tlayan &hellip;<\/p>\n","protected":false},"author":1,"featured_media":34538,"comment_status":"closed","ping_status":"closed","sticky":false,"template":"","format":"standard","meta":{"footnotes":""},"categories":[479,2554,2555,478],"tags":[15010,15009],"class_list":["post-35805","post","type-post","status-publish","format-standard","has-post-thumbnail","","category-haberler-yerel","category-suriye-ve-dunya","category-suriye-ve-turkiye","category-yerel","tag-ayni-sekilde-destek-niteligi-tasiyor","tag-turkiye-rejiminin-terore-destegine-sessiz-kalmak"],"_links":{"self":[{"href":"https:\/\/archive.sana.sy\/tr\/index.php?rest_route=\/wp\/v2\/posts\/35805","targetHints":{"allow":["GET"]}}],"collection":[{"href":"https:\/\/archive.sana.sy\/tr\/index.php?rest_route=\/wp\/v2\/posts"}],"about":[{"href":"https:\/\/archive.sana.sy\/tr\/index.php?rest_route=\/wp\/v2\/types\/post"}],"author":[{"embeddable":true,"href":"https:\/\/archive.sana.sy\/tr\/index.php?rest_route=\/wp\/v2\/users\/1"}],"replies":[{"embeddable":true,"href":"https:\/\/archive.sana.sy\/tr\/index.php?rest_route=%2Fwp%2Fv2%2Fcomments&post=35805"}],"version-history":[{"count":0,"href":"https:\/\/archive.sana.sy\/tr\/index.php?rest_route=\/wp\/v2\/posts\/35805\/revisions"}],"wp:featuredmedia":[{"embeddable":true,"href":"https:\/\/archive.sana.sy\/tr\/index.php?rest_route=\/wp\/v2\/media\/34538"}],"wp:attachment":[{"href":"https:\/\/archive.sana.sy\/tr\/index.php?rest_route=%2Fwp%2Fv2%2Fmedia&parent=35805"}],"wp:term":[{"taxonomy":"category","embeddable":true,"href":"https:\/\/archive.sana.sy\/tr\/index.php?rest_route=%2Fwp%2Fv2%2Fcategories&post=35805"},{"taxonomy":"post_tag","embeddable":true,"href":"https:\/\/archive.sana.sy\/tr\/index.php?rest_route=%2Fwp%2Fv2%2Ftags&post=35805"}],"curies":[{"name":"wp","href":"https:\/\/api.w.org\/{rel}","templated":true}]}}