{"id":35814,"date":"2015-06-06T10:21:32","date_gmt":"2015-06-06T07:21:32","guid":{"rendered":"http:\/\/sana.sy\/tr\/?p=35814"},"modified":"2015-06-06T10:23:16","modified_gmt":"2015-06-06T07:23:16","slug":"nasrullah-yeni-basarilar-suriye-arap-ordusu-ve-direnise-ustunluk-verdi","status":"publish","type":"post","link":"https:\/\/archive.sana.sy\/tr\/?p=35814","title":{"rendered":"Nasrullah: Yeni Ba\u015far\u0131lar Suriye Arap Ordusu ve Direni\u015fe \u00dcst\u00fcnl\u00fck Verdi"},"content":{"rendered":"<p>BEYRUT \u2013Hizbullah Genel Sekreteri Seyyid Hasan Nasrullah, son g\u00fcnlerdeki ba\u015far\u0131lar\u0131n has\u0131l olan saha geli\u015fmeleri kanal\u0131yla Kalamun veya Ersal Da\u011flar\u0131nda olsun Suriye Arap Ordusu ve Direni\u015fe \u00fcst\u00fcnl\u00fck kazand\u0131rd\u0131\u011f\u0131n\u0131 belirtti.<\/p>\n<p>Nasrullah bir televizyon konu\u015fmas\u0131nda, ter\u00f6ristlerin Suriye Arap Ordusu ve Direni\u015f mevkilerine y\u00f6nelik sald\u0131r\u0131lar\u0131n\u0131n Kalamun \u00e7at\u0131\u015fmas\u0131n\u0131 h\u0131zland\u0131rd\u0131\u011f\u0131n\u0131 belirterek, sava\u015f \u00f6ncesi haz\u0131rl\u0131klar\u0131n bir \u00e7ok ki\u015fi i\u00e7in s\u00fcrpriz oldu\u011funa dikkat \u00e7ekti.<\/p>\n<p>Ersal da\u011fl\u0131k alanlar\u0131 konusunda ise Seyyid Nasrullah, \u00e7at\u0131\u015fmaya ivme kazand\u0131ran\u0131n Nusra Cephesi ter\u00f6r \u00f6rg\u00fct\u00fcn\u00fcn Yunin, Nahle ve Ersal\u2019daki baz\u0131 da\u011fl\u0131k alanlara y\u00f6nelik son sald\u0131r\u0131s\u0131 oldu\u011funu a\u00e7\u0131klad\u0131.<\/p>\n<p>Nasrullah, s\u00f6z konusu \u00e7at\u0131\u015fman\u0131n \u015fu anda mevcut ve kaim oldu\u011funu ancak, zaman, mekan ve tavan uzant\u0131lar\u0131n\u0131n Kalamun ve Ersdal da\u011fl\u0131k alanlar\u0131ndan kendinden s\u00f6z ettirdi\u011fini s\u00f6yledi.<\/p>\n<p>Nasrullah Ersal da\u011fl\u0131k b\u00f6lgesi \u00e7at\u0131\u015fmas\u0131n\u0131n L\u00fcbnan ordusunun g\u00f6revini, resmi, halk ve vatan olarak talep edilen Kasabaya giri\u015fini kolayla\u015ft\u0131raca\u011f\u0131n\u0131 vurgulayarak, Ersal konusunun a\u00e7\u0131k oldu\u011funu kendilerinin ise Kasabaya girmek ve hatta yakla\u015fmak istemediklerini \u00e7\u00fcnk\u00fc bunun ordu ve devlet sorumlulu\u011fu oldu\u011funa dikkat \u00e7ekti.<\/p>\n<p>\u00d6te yandan, I\u015e\u0130D ter\u00f6r \u00f6rg\u00fct\u00fcn\u00fcn temelde \u201cel Kaide\u201d \u00f6rg\u00fct\u00fc oldu\u011funu lakin liderlik konusundaki anla\u015fmazl\u0131klar y\u00fcz\u00fcnden Kaide\u2019den koptu\u011funu dile getiren Seyyid Nasrullah, Kaide\u2019yi kuranlar\u0131n ABD ve Suudi Arabistan istihbarat\u0131 ile di\u011ferlerinin oldu\u011funu bununla ilgili kan\u0131tlanm\u0131\u015f belge ve kitaplar\u0131n bulundu\u011funa ve baz\u0131 k\u00f6rfez \u00fclkeleri taraf\u0131ndan b\u00fcy\u00fck bir destek ald\u0131\u011f\u0131na dikkat \u00e7ekti.<\/p>\n<p>I\u015e\u0130D \u00f6rg\u00fct\u00fcn\u00fcn b\u00f6lgede kaim olan b\u00f6lgesel \u00e7at\u0131\u015fmada g\u00f6revlendirilmeleri i\u00e7in be\u015feri ikmalinin kolayla\u015ft\u0131r\u0131lmas\u0131, petrol\u00fcn ondan sat\u0131n al\u0131nmas\u0131, finanse edilmesi, korunmas\u0131 yoluyla istismar edilen bir proje sahibi haline geldi\u011fine i\u015faret eden Nasrullah, d\u00fcnyan\u0131n \u201cI\u015e\u0130D\u201d ter\u00f6r \u00f6rg\u00fct\u00fcn\u00fcn uluslararas\u0131 tehlike te\u015fkil etmesi hesab\u0131yla hareket etmeye ba\u015flad\u0131\u011f\u0131na dikkat \u00e7ekti.<\/p>\n<p>\u201cI\u015e\u0130D\u201d ter\u00f6r \u00f6rg\u00fct\u00fcne kar\u015f\u0131 b\u00f6lgede Suriye, Irak, \u0130ran ve Direni\u015f Koalisyonunun sava\u015ft\u0131\u011f\u0131n\u0131 belirten Nasrullah, s\u00f6z konusu ter\u00f6r \u00f6rg\u00fct\u00fcyle sava\u015f konusundaki ger\u00e7ekleri her zaman alt \u00fcst eden taraflar\u0131n bulundu\u011funu vurgulad\u0131.<\/p>\n<p>S.\u015e<\/p>\n","protected":false},"excerpt":{"rendered":"<p>BEYRUT \u2013Hizbullah Genel Sekreteri Seyyid Hasan Nasrullah, son g\u00fcnlerdeki ba\u015far\u0131lar\u0131n has\u0131l olan saha geli\u015fmeleri kanal\u0131yla Kalamun veya Ersal Da\u011flar\u0131nda olsun Suriye Arap Ordusu ve Direni\u015fe \u00fcst\u00fcnl\u00fck kazand\u0131rd\u0131\u011f\u0131n\u0131 belirtti. Nasrullah bir televizyon konu\u015fmas\u0131nda, ter\u00f6ristlerin Suriye Arap Ordusu ve Direni\u015f mevkilerine y\u00f6nelik sald\u0131r\u0131lar\u0131n\u0131n Kalamun \u00e7at\u0131\u015fmas\u0131n\u0131 h\u0131zland\u0131rd\u0131\u011f\u0131n\u0131 belirterek, sava\u015f \u00f6ncesi haz\u0131rl\u0131klar\u0131n bir \u00e7ok ki\u015fi i\u00e7in s\u00fcrpriz oldu\u011funa dikkat &hellip;<\/p>\n","protected":false},"author":1,"featured_media":35816,"comment_status":"closed","ping_status":"closed","sticky":false,"template":"","format":"standard","meta":{"footnotes":""},"categories":[458,459,447,2554],"tags":[15011],"class_list":["post-35814","post","type-post","status-publish","format-standard","has-post-thumbnail","","category-dunya1","category-haberler-arap-uluslararasi-politika","category-politika","category-suriye-ve-dunya","tag-nasrullah-yeni-basarilar-suriye-arap-ordusu-ve-direnise-ustunluk-verdi"],"_links":{"self":[{"href":"https:\/\/archive.sana.sy\/tr\/index.php?rest_route=\/wp\/v2\/posts\/35814","targetHints":{"allow":["GET"]}}],"collection":[{"href":"https:\/\/archive.sana.sy\/tr\/index.php?rest_route=\/wp\/v2\/posts"}],"about":[{"href":"https:\/\/archive.sana.sy\/tr\/index.php?rest_route=\/wp\/v2\/types\/post"}],"author":[{"embeddable":true,"href":"https:\/\/archive.sana.sy\/tr\/index.php?rest_route=\/wp\/v2\/users\/1"}],"replies":[{"embeddable":true,"href":"https:\/\/archive.sana.sy\/tr\/index.php?rest_route=%2Fwp%2Fv2%2Fcomments&post=35814"}],"version-history":[{"count":0,"href":"https:\/\/archive.sana.sy\/tr\/index.php?rest_route=\/wp\/v2\/posts\/35814\/revisions"}],"wp:featuredmedia":[{"embeddable":true,"href":"https:\/\/archive.sana.sy\/tr\/index.php?rest_route=\/wp\/v2\/media\/35816"}],"wp:attachment":[{"href":"https:\/\/archive.sana.sy\/tr\/index.php?rest_route=%2Fwp%2Fv2%2Fmedia&parent=35814"}],"wp:term":[{"taxonomy":"category","embeddable":true,"href":"https:\/\/archive.sana.sy\/tr\/index.php?rest_route=%2Fwp%2Fv2%2Fcategories&post=35814"},{"taxonomy":"post_tag","embeddable":true,"href":"https:\/\/archive.sana.sy\/tr\/index.php?rest_route=%2Fwp%2Fv2%2Ftags&post=35814"}],"curies":[{"name":"wp","href":"https:\/\/api.w.org\/{rel}","templated":true}]}}